{"id":1818,"date":"2021-09-30T11:10:29","date_gmt":"2021-09-30T11:10:29","guid":{"rendered":"https:\/\/dentalabril.com\/?p=1818"},"modified":"2022-04-29T18:34:46","modified_gmt":"2022-04-29T18:34:46","slug":"que-elegir-ortodoncia-tradicional-o-invisible","status":"publish","type":"post","link":"https:\/\/dentalabril.com\/en\/que-elegir-ortodoncia-tradicional-o-invisible\/","title":{"rendered":"\u00bfQu\u00e9 elegir? \u00bfOrtodoncia tradicional o invisible?"},"content":{"rendered":"<p>En nuestra cl\u00ednica dental en Barcelona estamos convencidos de que tanto la ortodoncia invisible como los brackets tradicionales pueden conseguir los mismos resultados en cuanto a est\u00e9tica y funcionalidad de la boca, siempre que el tratamiento se lleve a cabo de la forma adecuada. La principal diferencia reside entonces en la aplicaci\u00f3n del propio tratamiento, que es lo que los pacientes deber\u00e1n tener en cuenta principalmente a la hora de escoger.<\/p>\n<p>La ortodoncia invisible se realiza mediante f\u00e9rulas transparentes creadas a medida para cada paciente, muy diferentes a los brackets tradicionales. Como su nombre indica, es un tipo de dispositivo pr\u00e1cticamente invisible, por lo que resulta indetectable para las personas. Adem\u00e1s, este modelo de ortodoncia se puede quitar y poner, mientras que los brackets habituales son fijos durante todo el tratamiento.<\/p>\n<p>La ortodoncia invisible tiene, por lo tanto, la ventaja a\u00f1adida de ser un tratamiento que mejora la est\u00e9tica de la boca en toda su duraci\u00f3n. Tambi\u00e9n facilita la higiene bucal al ser removible, y evita lesiones en la boca que s\u00ed pueden aparecer con los brackets met\u00e1licos. Es un tratamiento moderno y efectivo, que sin embargo requiere un mayor compromiso por parte del paciente en cuanto a sus cuidados y mantenimiento.<\/p>\n<p>Adem\u00e1s, las f\u00e9rulas transparentes resultan pr\u00e1cticamente invisibles cuando las llevas, ya que est\u00e1n dise\u00f1adas a partir de un pol\u00edmero termopl\u00e1stico de alta resistencia y se dise\u00f1an a medida para cada paciente.<\/p>\n<p>En cualquier caso, para <span style=\"font-size: 16px;\">saber si la <\/span><strong style=\"font-size: 16px;\">ortodoncia invisible en Barcelona<\/strong><span style=\"font-size: 16px;\"> es la m\u00e1s adecuada para ti, lo que <a href=\"https:\/\/alpha-pharma.biz\/articles\/arm-workouts-how-to-build-the-biceps-quickly\" title=\"arm workouts\">arm workouts<\/a> debes hacer es acudir a Cl\u00ednica Dental Abril para que podamos estudiar tu cavidad oral en profundidad. <a href=\"https:\/\/dentalabril.com\/contacta\/\">\u00a1Pide tu cita ahora!<\/a><\/span><\/p>\n<p>&nbsp;<\/p>\n","protected":false},"excerpt":{"rendered":"<p>En nuestra cl\u00ednica dental en Barcelona estamos convencidos de que tanto la ortodoncia invisible como los brackets tradicionales pueden conseguir los mismos resultados en cuanto a est\u00e9tica y funcionalidad de la boca, siempre que el tratamiento se lleve a cabo de la forma adecuada. La principal diferencia reside entonces en la aplicaci\u00f3n del propio tratamiento, [&hellip;]<\/p>\n","protected":false},"author":4,"featured_media":1819,"comment_status":"closed","ping_status":"closed","sticky":false,"template":"","format":"standard","meta":{"_joinchat":[],"footnotes":"","_wpscppro_custom_social_share_image":0,"_facebook_share_type":"","_twitter_share_type":"","_linkedin_share_type":"","_pinterest_share_type":"","_linkedin_share_type_page":"","_instagram_share_type":"","_medium_share_type":"","_selected_social_profile":[]},"categories":[1],"tags":[130,123,23],"class_list":{"0":"post-1818","1":"post","2":"type-post","3":"status-publish","4":"format-standard","5":"has-post-thumbnail","7":"category-sin-categoria","8":"tag-brackets","9":"tag-ortodoncia","10":"tag-ortodoncia-invisible"},"yoast_head":"<!-- This site is optimized with the Yoast SEO plugin v23.1 - https:\/\/yoast.com\/wordpress\/plugins\/seo\/ -->\n<title>\u00bfQu\u00e9 elegir? \u00bfOrtodoncia tradicional o invisible? | Cl\u00ednica dental Abril<\/title>\n<meta name=\"robots\" content=\"index, follow, max-snippet:-1, max-image-preview:large, max-video-preview:-1\" \/>\n<link rel=\"canonical\" href=\"https:\/\/dentalabril.com\/que-elegir-ortodoncia-tradicional-o-invisible\/\" \/>\n<meta property=\"og:locale\" content=\"en_US\" \/>\n<meta property=\"og:type\" content=\"article\" \/>\n<meta property=\"og:title\" content=\"\u00bfQu\u00e9 elegir? \u00bfOrtodoncia tradicional o invisible? | Cl\u00ednica dental Abril\" \/>\n<meta property=\"og:description\" content=\"En nuestra cl\u00ednica dental en Barcelona estamos convencidos de que tanto la ortodoncia invisible como los brackets tradicionales pueden conseguir los mismos resultados en cuanto a est\u00e9tica y funcionalidad de la boca, siempre que el tratamiento se lleve a cabo de la forma adecuada. La principal diferencia reside entonces en la aplicaci\u00f3n del propio tratamiento, [&hellip;]\" \/>\n<meta property=\"og:url\" content=\"https:\/\/dentalabril.com\/que-elegir-ortodoncia-tradicional-o-invisible\/\" \/>\n<meta property=\"og:site_name\" content=\"Cl\u00ednica dental Abril\" \/>\n<meta property=\"article:publisher\" content=\"https:\/\/www.facebook.com\/clinicadentalabril\/\" \/>\n<meta property=\"article:published_time\" content=\"2021-09-30T11:10:29+00:00\" \/>\n<meta property=\"article:modified_time\" content=\"2022-04-29T18:34:46+00:00\" \/>\n<meta property=\"og:image\" content=\"https:\/\/dentalabril.com\/wp-content\/uploads\/2021\/09\/iStock-1256362495.jpg\" \/>\n\t<meta property=\"og:image:width\" content=\"2120\" \/>\n\t<meta property=\"og:image:height\" content=\"1414\" \/>\n\t<meta property=\"og:image:type\" content=\"image\/jpeg\" \/>\n<meta name=\"author\" content=\"Cl\u00ednica Dental Abril\" \/>\n<meta name=\"twitter:card\" content=\"summary_large_image\" \/>\n<meta name=\"twitter:label1\" content=\"Written by\" \/>\n\t<meta name=\"twitter:data1\" content=\"Cl\u00ednica Dental Abril\" \/>\n\t<meta name=\"twitter:label2\" content=\"Est. reading time\" \/>\n\t<meta name=\"twitter:data2\" content=\"1 minute\" \/>\n<script type=\"application\/ld+json\" class=\"yoast-schema-graph\">{\"@context\":\"https:\/\/schema.org\",\"@graph\":[{\"@type\":\"Article\",\"@id\":\"https:\/\/dentalabril.com\/que-elegir-ortodoncia-tradicional-o-invisible\/#article\",\"isPartOf\":{\"@id\":\"https:\/\/dentalabril.com\/que-elegir-ortodoncia-tradicional-o-invisible\/\"},\"author\":{\"name\":\"Cl\u00ednica Dental Abril\",\"@id\":\"https:\/\/dentalabril.com\/#\/schema\/person\/ee1913365f94afb96f63b997cada040c\"},\"headline\":\"\u00bfQu\u00e9 elegir? \u00bfOrtodoncia tradicional o invisible?\",\"datePublished\":\"2021-09-30T11:10:29+00:00\",\"dateModified\":\"2022-04-29T18:34:46+00:00\",\"mainEntityOfPage\":{\"@id\":\"https:\/\/dentalabril.com\/que-elegir-ortodoncia-tradicional-o-invisible\/\"},\"wordCount\":304,\"publisher\":{\"@id\":\"https:\/\/dentalabril.com\/#organization\"},\"image\":{\"@id\":\"https:\/\/dentalabril.com\/que-elegir-ortodoncia-tradicional-o-invisible\/#primaryimage\"},\"thumbnailUrl\":\"https:\/\/dentalabril.com\/wp-content\/uploads\/2021\/09\/iStock-1256362495.jpg\",\"keywords\":[\"brackets\",\"ortodoncia\",\"Ortodoncia Invisible\"],\"articleSection\":[\"blog-tratamientos\"],\"inLanguage\":\"en-US\"},{\"@type\":\"WebPage\",\"@id\":\"https:\/\/dentalabril.com\/que-elegir-ortodoncia-tradicional-o-invisible\/\",\"url\":\"https:\/\/dentalabril.com\/que-elegir-ortodoncia-tradicional-o-invisible\/\",\"name\":\"\u00bfQu\u00e9 elegir? \u00bfOrtodoncia tradicional o invisible? | Cl\u00ednica dental Abril\",\"isPartOf\":{\"@id\":\"https:\/\/dentalabril.com\/#website\"},\"primaryImageOfPage\":{\"@id\":\"https:\/\/dentalabril.com\/que-elegir-ortodoncia-tradicional-o-invisible\/#primaryimage\"},\"image\":{\"@id\":\"https:\/\/dentalabril.com\/que-elegir-ortodoncia-tradicional-o-invisible\/#primaryimage\"},\"thumbnailUrl\":\"https:\/\/dentalabril.com\/wp-content\/uploads\/2021\/09\/iStock-1256362495.jpg\",\"datePublished\":\"2021-09-30T11:10:29+00:00\",\"dateModified\":\"2022-04-29T18:34:46+00:00\",\"breadcrumb\":{\"@id\":\"https:\/\/dentalabril.com\/que-elegir-ortodoncia-tradicional-o-invisible\/#breadcrumb\"},\"inLanguage\":\"en-US\",\"potentialAction\":[{\"@type\":\"ReadAction\",\"target\":[\"https:\/\/dentalabril.com\/que-elegir-ortodoncia-tradicional-o-invisible\/\"]}]},{\"@type\":\"ImageObject\",\"inLanguage\":\"en-US\",\"@id\":\"https:\/\/dentalabril.com\/que-elegir-ortodoncia-tradicional-o-invisible\/#primaryimage\",\"url\":\"https:\/\/dentalabril.com\/wp-content\/uploads\/2021\/09\/iStock-1256362495.jpg\",\"contentUrl\":\"https:\/\/dentalabril.com\/wp-content\/uploads\/2021\/09\/iStock-1256362495.jpg\",\"width\":2120,\"height\":1414,\"caption\":\"ortodoncia en Barcelona\"},{\"@type\":\"BreadcrumbList\",\"@id\":\"https:\/\/dentalabril.com\/que-elegir-ortodoncia-tradicional-o-invisible\/#breadcrumb\",\"itemListElement\":[{\"@type\":\"ListItem\",\"position\":1,\"name\":\"Portada\",\"item\":\"https:\/\/dentalabril.com\/en\/inicio\/\"},{\"@type\":\"ListItem\",\"position\":2,\"name\":\"\u00bfQu\u00e9 elegir? \u00bfOrtodoncia tradicional o invisible?\"}]},{\"@type\":\"WebSite\",\"@id\":\"https:\/\/dentalabril.com\/#website\",\"url\":\"https:\/\/dentalabril.com\/\",\"name\":\"Cl\u00ednica Dental Abril\",\"description\":\"Tu cl\u00ednica dental en Barcelona\",\"publisher\":{\"@id\":\"https:\/\/dentalabril.com\/#organization\"},\"alternateName\":\"Dental Abril\",\"potentialAction\":[{\"@type\":\"SearchAction\",\"target\":{\"@type\":\"EntryPoint\",\"urlTemplate\":\"https:\/\/dentalabril.com\/?s={search_term_string}\"},\"query-input\":\"required name=search_term_string\"}],\"inLanguage\":\"en-US\"},{\"@type\":\"Organization\",\"@id\":\"https:\/\/dentalabril.com\/#organization\",\"name\":\"Cl\u00ednica Dental Abril\",\"alternateName\":\"Dental Abril\",\"url\":\"https:\/\/dentalabril.com\/\",\"logo\":{\"@type\":\"ImageObject\",\"inLanguage\":\"en-US\",\"@id\":\"https:\/\/dentalabril.com\/#\/schema\/logo\/image\/\",\"url\":\"https:\/\/dentalabril.com\/wp-content\/uploads\/2023\/03\/BBceBSJt_400x400.jpg\",\"contentUrl\":\"https:\/\/dentalabril.com\/wp-content\/uploads\/2023\/03\/BBceBSJt_400x400.jpg\",\"width\":400,\"height\":400,\"caption\":\"Cl\u00ednica Dental Abril\"},\"image\":{\"@id\":\"https:\/\/dentalabril.com\/#\/schema\/logo\/image\/\"},\"sameAs\":[\"https:\/\/www.facebook.com\/clinicadentalabril\/\",\"https:\/\/www.instagram.com\/dentalabril\/\"]},{\"@type\":\"Person\",\"@id\":\"https:\/\/dentalabril.com\/#\/schema\/person\/ee1913365f94afb96f63b997cada040c\",\"name\":\"Cl\u00ednica Dental Abril\",\"image\":{\"@type\":\"ImageObject\",\"inLanguage\":\"en-US\",\"@id\":\"https:\/\/dentalabril.com\/#\/schema\/person\/image\/\",\"url\":\"https:\/\/secure.gravatar.com\/avatar\/d2f687b6c686a7cf6497784acd058e7d?s=96&d=mm&r=g\",\"contentUrl\":\"https:\/\/secure.gravatar.com\/avatar\/d2f687b6c686a7cf6497784acd058e7d?s=96&d=mm&r=g\",\"caption\":\"Cl\u00ednica Dental Abril\"},\"url\":\"https:\/\/dentalabril.com\/en\/author\/clinicadentalabril\/\"}]}<\/script>\n<!-- \/ Yoast SEO plugin. -->","yoast_head_json":{"title":"\u00bfQu\u00e9 elegir? \u00bfOrtodoncia tradicional o invisible? | Cl\u00ednica dental Abril","robots":{"index":"index","follow":"follow","max-snippet":"max-snippet:-1","max-image-preview":"max-image-preview:large","max-video-preview":"max-video-preview:-1"},"canonical":"https:\/\/dentalabril.com\/que-elegir-ortodoncia-tradicional-o-invisible\/","og_locale":"en_US","og_type":"article","og_title":"\u00bfQu\u00e9 elegir? \u00bfOrtodoncia tradicional o invisible? | Cl\u00ednica dental Abril","og_description":"En nuestra cl\u00ednica dental en Barcelona estamos convencidos de que tanto la ortodoncia invisible como los brackets tradicionales pueden conseguir los mismos resultados en cuanto a est\u00e9tica y funcionalidad de la boca, siempre que el tratamiento se lleve a cabo de la forma adecuada. La principal diferencia reside entonces en la aplicaci\u00f3n del propio tratamiento, [&hellip;]","og_url":"https:\/\/dentalabril.com\/que-elegir-ortodoncia-tradicional-o-invisible\/","og_site_name":"Cl\u00ednica dental Abril","article_publisher":"https:\/\/www.facebook.com\/clinicadentalabril\/","article_published_time":"2021-09-30T11:10:29+00:00","article_modified_time":"2022-04-29T18:34:46+00:00","og_image":[{"width":2120,"height":1414,"url":"https:\/\/dentalabril.com\/wp-content\/uploads\/2021\/09\/iStock-1256362495.jpg","type":"image\/jpeg"}],"author":"Cl\u00ednica Dental Abril","twitter_card":"summary_large_image","twitter_misc":{"Written by":"Cl\u00ednica Dental Abril","Est. reading time":"1 minute"},"schema":{"@context":"https:\/\/schema.org","@graph":[{"@type":"Article","@id":"https:\/\/dentalabril.com\/que-elegir-ortodoncia-tradicional-o-invisible\/#article","isPartOf":{"@id":"https:\/\/dentalabril.com\/que-elegir-ortodoncia-tradicional-o-invisible\/"},"author":{"name":"Cl\u00ednica Dental Abril","@id":"https:\/\/dentalabril.com\/#\/schema\/person\/ee1913365f94afb96f63b997cada040c"},"headline":"\u00bfQu\u00e9 elegir? \u00bfOrtodoncia tradicional o invisible?","datePublished":"2021-09-30T11:10:29+00:00","dateModified":"2022-04-29T18:34:46+00:00","mainEntityOfPage":{"@id":"https:\/\/dentalabril.com\/que-elegir-ortodoncia-tradicional-o-invisible\/"},"wordCount":304,"publisher":{"@id":"https:\/\/dentalabril.com\/#organization"},"image":{"@id":"https:\/\/dentalabril.com\/que-elegir-ortodoncia-tradicional-o-invisible\/#primaryimage"},"thumbnailUrl":"https:\/\/dentalabril.com\/wp-content\/uploads\/2021\/09\/iStock-1256362495.jpg","keywords":["brackets","ortodoncia","Ortodoncia Invisible"],"articleSection":["blog-tratamientos"],"inLanguage":"en-US"},{"@type":"WebPage","@id":"https:\/\/dentalabril.com\/que-elegir-ortodoncia-tradicional-o-invisible\/","url":"https:\/\/dentalabril.com\/que-elegir-ortodoncia-tradicional-o-invisible\/","name":"\u00bfQu\u00e9 elegir? \u00bfOrtodoncia tradicional o invisible? | Cl\u00ednica dental Abril","isPartOf":{"@id":"https:\/\/dentalabril.com\/#website"},"primaryImageOfPage":{"@id":"https:\/\/dentalabril.com\/que-elegir-ortodoncia-tradicional-o-invisible\/#primaryimage"},"image":{"@id":"https:\/\/dentalabril.com\/que-elegir-ortodoncia-tradicional-o-invisible\/#primaryimage"},"thumbnailUrl":"https:\/\/dentalabril.com\/wp-content\/uploads\/2021\/09\/iStock-1256362495.jpg","datePublished":"2021-09-30T11:10:29+00:00","dateModified":"2022-04-29T18:34:46+00:00","breadcrumb":{"@id":"https:\/\/dentalabril.com\/que-elegir-ortodoncia-tradicional-o-invisible\/#breadcrumb"},"inLanguage":"en-US","potentialAction":[{"@type":"ReadAction","target":["https:\/\/dentalabril.com\/que-elegir-ortodoncia-tradicional-o-invisible\/"]}]},{"@type":"ImageObject","inLanguage":"en-US","@id":"https:\/\/dentalabril.com\/que-elegir-ortodoncia-tradicional-o-invisible\/#primaryimage","url":"https:\/\/dentalabril.com\/wp-content\/uploads\/2021\/09\/iStock-1256362495.jpg","contentUrl":"https:\/\/dentalabril.com\/wp-content\/uploads\/2021\/09\/iStock-1256362495.jpg","width":2120,"height":1414,"caption":"ortodoncia en Barcelona"},{"@type":"BreadcrumbList","@id":"https:\/\/dentalabril.com\/que-elegir-ortodoncia-tradicional-o-invisible\/#breadcrumb","itemListElement":[{"@type":"ListItem","position":1,"name":"Portada","item":"https:\/\/dentalabril.com\/en\/inicio\/"},{"@type":"ListItem","position":2,"name":"\u00bfQu\u00e9 elegir? \u00bfOrtodoncia tradicional o invisible?"}]},{"@type":"WebSite","@id":"https:\/\/dentalabril.com\/#website","url":"https:\/\/dentalabril.com\/","name":"Cl\u00ednica Dental Abril","description":"Tu cl\u00ednica dental en Barcelona","publisher":{"@id":"https:\/\/dentalabril.com\/#organization"},"alternateName":"Dental Abril","potentialAction":[{"@type":"SearchAction","target":{"@type":"EntryPoint","urlTemplate":"https:\/\/dentalabril.com\/?s={search_term_string}"},"query-input":"required name=search_term_string"}],"inLanguage":"en-US"},{"@type":"Organization","@id":"https:\/\/dentalabril.com\/#organization","name":"Cl\u00ednica Dental Abril","alternateName":"Dental Abril","url":"https:\/\/dentalabril.com\/","logo":{"@type":"ImageObject","inLanguage":"en-US","@id":"https:\/\/dentalabril.com\/#\/schema\/logo\/image\/","url":"https:\/\/dentalabril.com\/wp-content\/uploads\/2023\/03\/BBceBSJt_400x400.jpg","contentUrl":"https:\/\/dentalabril.com\/wp-content\/uploads\/2023\/03\/BBceBSJt_400x400.jpg","width":400,"height":400,"caption":"Cl\u00ednica Dental Abril"},"image":{"@id":"https:\/\/dentalabril.com\/#\/schema\/logo\/image\/"},"sameAs":["https:\/\/www.facebook.com\/clinicadentalabril\/","https:\/\/www.instagram.com\/dentalabril\/"]},{"@type":"Person","@id":"https:\/\/dentalabril.com\/#\/schema\/person\/ee1913365f94afb96f63b997cada040c","name":"Cl\u00ednica Dental Abril","image":{"@type":"ImageObject","inLanguage":"en-US","@id":"https:\/\/dentalabril.com\/#\/schema\/person\/image\/","url":"https:\/\/secure.gravatar.com\/avatar\/d2f687b6c686a7cf6497784acd058e7d?s=96&d=mm&r=g","contentUrl":"https:\/\/secure.gravatar.com\/avatar\/d2f687b6c686a7cf6497784acd058e7d?s=96&d=mm&r=g","caption":"Cl\u00ednica Dental Abril"},"url":"https:\/\/dentalabril.com\/en\/author\/clinicadentalabril\/"}]}},"_links":{"self":[{"href":"https:\/\/dentalabril.com\/en\/wp-json\/wp\/v2\/posts\/1818"}],"collection":[{"href":"https:\/\/dentalabril.com\/en\/wp-json\/wp\/v2\/posts"}],"about":[{"href":"https:\/\/dentalabril.com\/en\/wp-json\/wp\/v2\/types\/post"}],"author":[{"embeddable":true,"href":"https:\/\/dentalabril.com\/en\/wp-json\/wp\/v2\/users\/4"}],"replies":[{"embeddable":true,"href":"https:\/\/dentalabril.com\/en\/wp-json\/wp\/v2\/comments?post=1818"}],"version-history":[{"count":0,"href":"https:\/\/dentalabril.com\/en\/wp-json\/wp\/v2\/posts\/1818\/revisions"}],"wp:featuredmedia":[{"embeddable":true,"href":"https:\/\/dentalabril.com\/en\/wp-json\/wp\/v2\/media\/1819"}],"wp:attachment":[{"href":"https:\/\/dentalabril.com\/en\/wp-json\/wp\/v2\/media?parent=1818"}],"wp:term":[{"taxonomy":"category","embeddable":true,"href":"https:\/\/dentalabril.com\/en\/wp-json\/wp\/v2\/categories?post=1818"},{"taxonomy":"post_tag","embeddable":true,"href":"https:\/\/dentalabril.com\/en\/wp-json\/wp\/v2\/tags?post=1818"}],"curies":[{"name":"wp","href":"https:\/\/api.w.org\/{rel}","templated":true}]}}