{"id":1742,"date":"2022-02-28T11:29:46","date_gmt":"2022-02-28T11:29:46","guid":{"rendered":"https:\/\/dentalabril.com\/?p=1742"},"modified":"2022-07-25T08:33:10","modified_gmt":"2022-07-25T08:33:10","slug":"paso-a-paso-como-es-invisalign-en-dental-abril","status":"publish","type":"post","link":"https:\/\/dentalabril.com\/en\/paso-a-paso-como-es-invisalign-en-dental-abril\/","title":{"rendered":"Paso a paso: \u00bfC\u00f3mo es la ortodoncia invisible en Dental Abril?"},"content":{"rendered":"<p>La ortodoncia invisible es cada vez m\u00e1s solicitada por nuestros pacientes. Pero, \u00bfEn qu\u00e9 consiste exactamente esta t\u00e9cnica? \u00a1Descubre c\u00f3mo corregimos paso a paso tu sonrisa sin que nadie lo note! Este tratamiento es popular en pacientes de todas las edades, pero especialmente entre adultos. Adem\u00e1s de ser invisible es muy c\u00f3modo: se puede retirar para la higiene y para las comidas<\/p>\n<p>Adem\u00e1s, gracias a la ortodoncia invisible corregimos todo tipo de problemas bucales:<\/p>\n<ul>\n<li>Api\u00f1amiento dental.<\/li>\n<li>Problemas de mordida.<\/li>\n<li>Dientes con espacios.<\/li>\n<\/ul>\n<p><strong>El proceso de una ortodoncia invisible, en 5 pasos<\/strong><\/p>\n<p>Descubre c\u00f3mo corregimos tu sonrisa en 5 sencillos pasos:<\/p>\n<ol>\n<li><strong>Primera visita: planificaci\u00f3n<\/strong><\/li>\n<\/ol>\n<p>En la primera visita realizamos un estudio completo y personalizado para que el ortodoncista considere si la ortodoncia invisible es ideal en tu caso. En Dental Abril buscamos siempre la mejor opci\u00f3n para tu sonrisa, en todos los sentidos. Despu\u00e9s del estudio comienza la planificaci\u00f3n del tratamiento. No tendr\u00e1s que preocuparte por nada, \u00a1Nosotros lo planificamos todo!<\/p>\n<p><strong>2. Impresiones y moldes<\/strong><\/p>\n<p>Con una pasta espec\u00edfica, tomaremos moldes exactos de tu dentadura para fabricas las f\u00e9rulas hechas a tu medida. Si el ortodoncista lo recomienda tambi\u00e9n se puede tomar una radiograf\u00eda dental, para tener un estudio m\u00e1s completo.<\/p>\n<p><strong>3. Inicio del tratamiento<\/strong><\/p>\n<p>Una vez tengamos las fundas comienza el tratamiento. Con un avanzado programa 3D te ense\u00f1aremos todos los movimientos que realizar\u00e1n tus dientes y te daremos tus primeros alineadores, que se ir\u00e1n cambiando cada 15 d\u00edas.<\/p>\n<p><strong>4. Seguimiento personalizado<\/strong><\/p>\n<p>Cada cierto tiempo concertaremos una visita para controlar que el tratamiento va como tal y como hab\u00edamos planificado. De este modo corregimos imprevistos, te damos indicaciones y consejos personalizados\u2026 A medida que avance el tratamiento estas visitas suelen ser menos frecuentes y se van notando cada vez m\u00e1s los resultados. \u00a1Corregir\u00e1s tu sonrisa sin darte cuenta!<\/p>\n<p><strong>5. Resultado: \u00a1Sonrisa perfecta!<\/strong><\/p>\n<p>Cuando terminamos el \u00faltimo juego de alineadores, por fin obtendremos esa sonrisa con la que siempre has so\u00f1ado. Pero, \u00a1Cuidado! Dejar de llevar aparatos no significa haber terminado el tratamiento. Todos los casos de ortodoncia requieren una \u00faltima fase: la retenci\u00f3n. Consiste en llevar aparatos retenedores que tambi\u00e9n se fabrican a la medida del paciente. Los retenedores pueden llevarse durante el d\u00eda o por las noches y evitan que los dientes vuelvan a su posici\u00f3n inicial.<\/p>\n<p>En poco tiempo y de forma c\u00f3moda podr\u00e1s obtener una sonrisa perfectamente alineada. Apostamos por las t\u00e9cnicas m\u00e1s avanzadas para corregir tus dientes y obtener una sonrisa perfecta, tanto a nivel est\u00e9tico como funcional.<\/p>\n<p><strong>Pide tu primera cita en Dental Abril, \u00a1Y no dejes de sonre\u00edr!<\/strong><\/p>\n","protected":false},"excerpt":{"rendered":"<p>La ortodoncia invisible es cada vez m\u00e1s solicitada por nuestros pacientes. Pero, \u00bfEn qu\u00e9 consiste exactamente esta t\u00e9cnica? \u00a1Descubre c\u00f3mo corregimos paso a paso tu sonrisa sin que nadie lo note! Este tratamiento es popular en pacientes de todas las edades, pero especialmente entre adultos. Adem\u00e1s de ser invisible es muy c\u00f3modo: se puede retirar [&hellip;]<\/p>\n","protected":false},"author":4,"featured_media":1162,"comment_status":"closed","ping_status":"closed","sticky":false,"template":"","format":"standard","meta":{"_joinchat":[],"footnotes":"","_wpscppro_custom_social_share_image":0,"_facebook_share_type":"","_twitter_share_type":"","_linkedin_share_type":"","_pinterest_share_type":"","_linkedin_share_type_page":"","_instagram_share_type":"","_medium_share_type":"","_selected_social_profile":[]},"categories":[1],"tags":[],"class_list":{"0":"post-1742","1":"post","2":"type-post","3":"status-publish","4":"format-standard","5":"has-post-thumbnail","7":"category-sin-categoria"},"yoast_head":"<!-- This site is optimized with the Yoast SEO plugin v23.1 - https:\/\/yoast.com\/wordpress\/plugins\/seo\/ -->\n<title>Paso a paso: \u00bfC\u00f3mo es la ortodoncia invisible en Dental Abril? | Cl\u00ednica dental Abril<\/title>\n<meta name=\"robots\" content=\"index, follow, max-snippet:-1, max-image-preview:large, max-video-preview:-1\" \/>\n<link rel=\"canonical\" href=\"https:\/\/dentalabril.com\/paso-a-paso-como-es-invisalign-en-dental-abril\/\" \/>\n<meta property=\"og:locale\" content=\"en_US\" \/>\n<meta property=\"og:type\" content=\"article\" \/>\n<meta property=\"og:title\" content=\"Paso a paso: \u00bfC\u00f3mo es la ortodoncia invisible en Dental Abril? | Cl\u00ednica dental Abril\" \/>\n<meta property=\"og:description\" content=\"La ortodoncia invisible es cada vez m\u00e1s solicitada por nuestros pacientes. Pero, \u00bfEn qu\u00e9 consiste exactamente esta t\u00e9cnica? \u00a1Descubre c\u00f3mo corregimos paso a paso tu sonrisa sin que nadie lo note! Este tratamiento es popular en pacientes de todas las edades, pero especialmente entre adultos. Adem\u00e1s de ser invisible es muy c\u00f3modo: se puede retirar [&hellip;]\" \/>\n<meta property=\"og:url\" content=\"https:\/\/dentalabril.com\/paso-a-paso-como-es-invisalign-en-dental-abril\/\" \/>\n<meta property=\"og:site_name\" content=\"Cl\u00ednica dental Abril\" \/>\n<meta property=\"article:publisher\" content=\"https:\/\/www.facebook.com\/clinicadentalabril\/\" \/>\n<meta property=\"article:published_time\" content=\"2022-02-28T11:29:46+00:00\" \/>\n<meta property=\"article:modified_time\" content=\"2022-07-25T08:33:10+00:00\" \/>\n<meta property=\"og:image\" content=\"https:\/\/dentalabril.com\/wp-content\/uploads\/2018\/05\/dentalq-ortodoncia-invisalign.jpg\" \/>\n\t<meta property=\"og:image:width\" content=\"610\" \/>\n\t<meta property=\"og:image:height\" content=\"400\" \/>\n\t<meta property=\"og:image:type\" content=\"image\/jpeg\" \/>\n<meta name=\"author\" content=\"Cl\u00ednica Dental Abril\" \/>\n<meta name=\"twitter:card\" content=\"summary_large_image\" \/>\n<meta name=\"twitter:label1\" content=\"Written by\" \/>\n\t<meta name=\"twitter:data1\" content=\"Cl\u00ednica Dental Abril\" \/>\n\t<meta name=\"twitter:label2\" content=\"Est. reading time\" \/>\n\t<meta name=\"twitter:data2\" content=\"2 minutes\" \/>\n<script type=\"application\/ld+json\" class=\"yoast-schema-graph\">{\"@context\":\"https:\/\/schema.org\",\"@graph\":[{\"@type\":\"Article\",\"@id\":\"https:\/\/dentalabril.com\/paso-a-paso-como-es-invisalign-en-dental-abril\/#article\",\"isPartOf\":{\"@id\":\"https:\/\/dentalabril.com\/paso-a-paso-como-es-invisalign-en-dental-abril\/\"},\"author\":{\"name\":\"Cl\u00ednica Dental Abril\",\"@id\":\"https:\/\/dentalabril.com\/#\/schema\/person\/ee1913365f94afb96f63b997cada040c\"},\"headline\":\"Paso a paso: \u00bfC\u00f3mo es la ortodoncia invisible en Dental Abril?\",\"datePublished\":\"2022-02-28T11:29:46+00:00\",\"dateModified\":\"2022-07-25T08:33:10+00:00\",\"mainEntityOfPage\":{\"@id\":\"https:\/\/dentalabril.com\/paso-a-paso-como-es-invisalign-en-dental-abril\/\"},\"wordCount\":465,\"publisher\":{\"@id\":\"https:\/\/dentalabril.com\/#organization\"},\"image\":{\"@id\":\"https:\/\/dentalabril.com\/paso-a-paso-como-es-invisalign-en-dental-abril\/#primaryimage\"},\"thumbnailUrl\":\"https:\/\/dentalabril.com\/wp-content\/uploads\/2018\/05\/dentalq-ortodoncia-invisalign.jpg\",\"articleSection\":[\"blog-tratamientos\"],\"inLanguage\":\"en-US\"},{\"@type\":\"WebPage\",\"@id\":\"https:\/\/dentalabril.com\/paso-a-paso-como-es-invisalign-en-dental-abril\/\",\"url\":\"https:\/\/dentalabril.com\/paso-a-paso-como-es-invisalign-en-dental-abril\/\",\"name\":\"Paso a paso: \u00bfC\u00f3mo es la ortodoncia invisible en Dental Abril? | Cl\u00ednica dental Abril\",\"isPartOf\":{\"@id\":\"https:\/\/dentalabril.com\/#website\"},\"primaryImageOfPage\":{\"@id\":\"https:\/\/dentalabril.com\/paso-a-paso-como-es-invisalign-en-dental-abril\/#primaryimage\"},\"image\":{\"@id\":\"https:\/\/dentalabril.com\/paso-a-paso-como-es-invisalign-en-dental-abril\/#primaryimage\"},\"thumbnailUrl\":\"https:\/\/dentalabril.com\/wp-content\/uploads\/2018\/05\/dentalq-ortodoncia-invisalign.jpg\",\"datePublished\":\"2022-02-28T11:29:46+00:00\",\"dateModified\":\"2022-07-25T08:33:10+00:00\",\"breadcrumb\":{\"@id\":\"https:\/\/dentalabril.com\/paso-a-paso-como-es-invisalign-en-dental-abril\/#breadcrumb\"},\"inLanguage\":\"en-US\",\"potentialAction\":[{\"@type\":\"ReadAction\",\"target\":[\"https:\/\/dentalabril.com\/paso-a-paso-como-es-invisalign-en-dental-abril\/\"]}]},{\"@type\":\"ImageObject\",\"inLanguage\":\"en-US\",\"@id\":\"https:\/\/dentalabril.com\/paso-a-paso-como-es-invisalign-en-dental-abril\/#primaryimage\",\"url\":\"https:\/\/dentalabril.com\/wp-content\/uploads\/2018\/05\/dentalq-ortodoncia-invisalign.jpg\",\"contentUrl\":\"https:\/\/dentalabril.com\/wp-content\/uploads\/2018\/05\/dentalq-ortodoncia-invisalign.jpg\",\"width\":610,\"height\":400},{\"@type\":\"BreadcrumbList\",\"@id\":\"https:\/\/dentalabril.com\/paso-a-paso-como-es-invisalign-en-dental-abril\/#breadcrumb\",\"itemListElement\":[{\"@type\":\"ListItem\",\"position\":1,\"name\":\"Portada\",\"item\":\"https:\/\/dentalabril.com\/en\/inicio\/\"},{\"@type\":\"ListItem\",\"position\":2,\"name\":\"Paso a paso: \u00bfC\u00f3mo es la ortodoncia invisible en Dental Abril?\"}]},{\"@type\":\"WebSite\",\"@id\":\"https:\/\/dentalabril.com\/#website\",\"url\":\"https:\/\/dentalabril.com\/\",\"name\":\"Cl\u00ednica Dental Abril\",\"description\":\"Tu cl\u00ednica dental en Barcelona\",\"publisher\":{\"@id\":\"https:\/\/dentalabril.com\/#organization\"},\"alternateName\":\"Dental Abril\",\"potentialAction\":[{\"@type\":\"SearchAction\",\"target\":{\"@type\":\"EntryPoint\",\"urlTemplate\":\"https:\/\/dentalabril.com\/?s={search_term_string}\"},\"query-input\":\"required name=search_term_string\"}],\"inLanguage\":\"en-US\"},{\"@type\":\"Organization\",\"@id\":\"https:\/\/dentalabril.com\/#organization\",\"name\":\"Cl\u00ednica Dental Abril\",\"alternateName\":\"Dental Abril\",\"url\":\"https:\/\/dentalabril.com\/\",\"logo\":{\"@type\":\"ImageObject\",\"inLanguage\":\"en-US\",\"@id\":\"https:\/\/dentalabril.com\/#\/schema\/logo\/image\/\",\"url\":\"https:\/\/dentalabril.com\/wp-content\/uploads\/2023\/03\/BBceBSJt_400x400.jpg\",\"contentUrl\":\"https:\/\/dentalabril.com\/wp-content\/uploads\/2023\/03\/BBceBSJt_400x400.jpg\",\"width\":400,\"height\":400,\"caption\":\"Cl\u00ednica Dental Abril\"},\"image\":{\"@id\":\"https:\/\/dentalabril.com\/#\/schema\/logo\/image\/\"},\"sameAs\":[\"https:\/\/www.facebook.com\/clinicadentalabril\/\",\"https:\/\/www.instagram.com\/dentalabril\/\"]},{\"@type\":\"Person\",\"@id\":\"https:\/\/dentalabril.com\/#\/schema\/person\/ee1913365f94afb96f63b997cada040c\",\"name\":\"Cl\u00ednica Dental Abril\",\"image\":{\"@type\":\"ImageObject\",\"inLanguage\":\"en-US\",\"@id\":\"https:\/\/dentalabril.com\/#\/schema\/person\/image\/\",\"url\":\"https:\/\/secure.gravatar.com\/avatar\/d2f687b6c686a7cf6497784acd058e7d?s=96&d=mm&r=g\",\"contentUrl\":\"https:\/\/secure.gravatar.com\/avatar\/d2f687b6c686a7cf6497784acd058e7d?s=96&d=mm&r=g\",\"caption\":\"Cl\u00ednica Dental Abril\"},\"url\":\"https:\/\/dentalabril.com\/en\/author\/clinicadentalabril\/\"}]}<\/script>\n<!-- \/ Yoast SEO plugin. -->","yoast_head_json":{"title":"Paso a paso: \u00bfC\u00f3mo es la ortodoncia invisible en Dental Abril? | Cl\u00ednica dental Abril","robots":{"index":"index","follow":"follow","max-snippet":"max-snippet:-1","max-image-preview":"max-image-preview:large","max-video-preview":"max-video-preview:-1"},"canonical":"https:\/\/dentalabril.com\/paso-a-paso-como-es-invisalign-en-dental-abril\/","og_locale":"en_US","og_type":"article","og_title":"Paso a paso: \u00bfC\u00f3mo es la ortodoncia invisible en Dental Abril? | Cl\u00ednica dental Abril","og_description":"La ortodoncia invisible es cada vez m\u00e1s solicitada por nuestros pacientes. Pero, \u00bfEn qu\u00e9 consiste exactamente esta t\u00e9cnica? \u00a1Descubre c\u00f3mo corregimos paso a paso tu sonrisa sin que nadie lo note! Este tratamiento es popular en pacientes de todas las edades, pero especialmente entre adultos. Adem\u00e1s de ser invisible es muy c\u00f3modo: se puede retirar [&hellip;]","og_url":"https:\/\/dentalabril.com\/paso-a-paso-como-es-invisalign-en-dental-abril\/","og_site_name":"Cl\u00ednica dental Abril","article_publisher":"https:\/\/www.facebook.com\/clinicadentalabril\/","article_published_time":"2022-02-28T11:29:46+00:00","article_modified_time":"2022-07-25T08:33:10+00:00","og_image":[{"width":610,"height":400,"url":"https:\/\/dentalabril.com\/wp-content\/uploads\/2018\/05\/dentalq-ortodoncia-invisalign.jpg","type":"image\/jpeg"}],"author":"Cl\u00ednica Dental Abril","twitter_card":"summary_large_image","twitter_misc":{"Written by":"Cl\u00ednica Dental Abril","Est. reading time":"2 minutes"},"schema":{"@context":"https:\/\/schema.org","@graph":[{"@type":"Article","@id":"https:\/\/dentalabril.com\/paso-a-paso-como-es-invisalign-en-dental-abril\/#article","isPartOf":{"@id":"https:\/\/dentalabril.com\/paso-a-paso-como-es-invisalign-en-dental-abril\/"},"author":{"name":"Cl\u00ednica Dental Abril","@id":"https:\/\/dentalabril.com\/#\/schema\/person\/ee1913365f94afb96f63b997cada040c"},"headline":"Paso a paso: \u00bfC\u00f3mo es la ortodoncia invisible en Dental Abril?","datePublished":"2022-02-28T11:29:46+00:00","dateModified":"2022-07-25T08:33:10+00:00","mainEntityOfPage":{"@id":"https:\/\/dentalabril.com\/paso-a-paso-como-es-invisalign-en-dental-abril\/"},"wordCount":465,"publisher":{"@id":"https:\/\/dentalabril.com\/#organization"},"image":{"@id":"https:\/\/dentalabril.com\/paso-a-paso-como-es-invisalign-en-dental-abril\/#primaryimage"},"thumbnailUrl":"https:\/\/dentalabril.com\/wp-content\/uploads\/2018\/05\/dentalq-ortodoncia-invisalign.jpg","articleSection":["blog-tratamientos"],"inLanguage":"en-US"},{"@type":"WebPage","@id":"https:\/\/dentalabril.com\/paso-a-paso-como-es-invisalign-en-dental-abril\/","url":"https:\/\/dentalabril.com\/paso-a-paso-como-es-invisalign-en-dental-abril\/","name":"Paso a paso: \u00bfC\u00f3mo es la ortodoncia invisible en Dental Abril? | Cl\u00ednica dental Abril","isPartOf":{"@id":"https:\/\/dentalabril.com\/#website"},"primaryImageOfPage":{"@id":"https:\/\/dentalabril.com\/paso-a-paso-como-es-invisalign-en-dental-abril\/#primaryimage"},"image":{"@id":"https:\/\/dentalabril.com\/paso-a-paso-como-es-invisalign-en-dental-abril\/#primaryimage"},"thumbnailUrl":"https:\/\/dentalabril.com\/wp-content\/uploads\/2018\/05\/dentalq-ortodoncia-invisalign.jpg","datePublished":"2022-02-28T11:29:46+00:00","dateModified":"2022-07-25T08:33:10+00:00","breadcrumb":{"@id":"https:\/\/dentalabril.com\/paso-a-paso-como-es-invisalign-en-dental-abril\/#breadcrumb"},"inLanguage":"en-US","potentialAction":[{"@type":"ReadAction","target":["https:\/\/dentalabril.com\/paso-a-paso-como-es-invisalign-en-dental-abril\/"]}]},{"@type":"ImageObject","inLanguage":"en-US","@id":"https:\/\/dentalabril.com\/paso-a-paso-como-es-invisalign-en-dental-abril\/#primaryimage","url":"https:\/\/dentalabril.com\/wp-content\/uploads\/2018\/05\/dentalq-ortodoncia-invisalign.jpg","contentUrl":"https:\/\/dentalabril.com\/wp-content\/uploads\/2018\/05\/dentalq-ortodoncia-invisalign.jpg","width":610,"height":400},{"@type":"BreadcrumbList","@id":"https:\/\/dentalabril.com\/paso-a-paso-como-es-invisalign-en-dental-abril\/#breadcrumb","itemListElement":[{"@type":"ListItem","position":1,"name":"Portada","item":"https:\/\/dentalabril.com\/en\/inicio\/"},{"@type":"ListItem","position":2,"name":"Paso a paso: \u00bfC\u00f3mo es la ortodoncia invisible en Dental Abril?"}]},{"@type":"WebSite","@id":"https:\/\/dentalabril.com\/#website","url":"https:\/\/dentalabril.com\/","name":"Cl\u00ednica Dental Abril","description":"Tu cl\u00ednica dental en Barcelona","publisher":{"@id":"https:\/\/dentalabril.com\/#organization"},"alternateName":"Dental Abril","potentialAction":[{"@type":"SearchAction","target":{"@type":"EntryPoint","urlTemplate":"https:\/\/dentalabril.com\/?s={search_term_string}"},"query-input":"required name=search_term_string"}],"inLanguage":"en-US"},{"@type":"Organization","@id":"https:\/\/dentalabril.com\/#organization","name":"Cl\u00ednica Dental Abril","alternateName":"Dental Abril","url":"https:\/\/dentalabril.com\/","logo":{"@type":"ImageObject","inLanguage":"en-US","@id":"https:\/\/dentalabril.com\/#\/schema\/logo\/image\/","url":"https:\/\/dentalabril.com\/wp-content\/uploads\/2023\/03\/BBceBSJt_400x400.jpg","contentUrl":"https:\/\/dentalabril.com\/wp-content\/uploads\/2023\/03\/BBceBSJt_400x400.jpg","width":400,"height":400,"caption":"Cl\u00ednica Dental Abril"},"image":{"@id":"https:\/\/dentalabril.com\/#\/schema\/logo\/image\/"},"sameAs":["https:\/\/www.facebook.com\/clinicadentalabril\/","https:\/\/www.instagram.com\/dentalabril\/"]},{"@type":"Person","@id":"https:\/\/dentalabril.com\/#\/schema\/person\/ee1913365f94afb96f63b997cada040c","name":"Cl\u00ednica Dental Abril","image":{"@type":"ImageObject","inLanguage":"en-US","@id":"https:\/\/dentalabril.com\/#\/schema\/person\/image\/","url":"https:\/\/secure.gravatar.com\/avatar\/d2f687b6c686a7cf6497784acd058e7d?s=96&d=mm&r=g","contentUrl":"https:\/\/secure.gravatar.com\/avatar\/d2f687b6c686a7cf6497784acd058e7d?s=96&d=mm&r=g","caption":"Cl\u00ednica Dental Abril"},"url":"https:\/\/dentalabril.com\/en\/author\/clinicadentalabril\/"}]}},"_links":{"self":[{"href":"https:\/\/dentalabril.com\/en\/wp-json\/wp\/v2\/posts\/1742"}],"collection":[{"href":"https:\/\/dentalabril.com\/en\/wp-json\/wp\/v2\/posts"}],"about":[{"href":"https:\/\/dentalabril.com\/en\/wp-json\/wp\/v2\/types\/post"}],"author":[{"embeddable":true,"href":"https:\/\/dentalabril.com\/en\/wp-json\/wp\/v2\/users\/4"}],"replies":[{"embeddable":true,"href":"https:\/\/dentalabril.com\/en\/wp-json\/wp\/v2\/comments?post=1742"}],"version-history":[{"count":0,"href":"https:\/\/dentalabril.com\/en\/wp-json\/wp\/v2\/posts\/1742\/revisions"}],"wp:featuredmedia":[{"embeddable":true,"href":"https:\/\/dentalabril.com\/en\/wp-json\/wp\/v2\/media\/1162"}],"wp:attachment":[{"href":"https:\/\/dentalabril.com\/en\/wp-json\/wp\/v2\/media?parent=1742"}],"wp:term":[{"taxonomy":"category","embeddable":true,"href":"https:\/\/dentalabril.com\/en\/wp-json\/wp\/v2\/categories?post=1742"},{"taxonomy":"post_tag","embeddable":true,"href":"https:\/\/dentalabril.com\/en\/wp-json\/wp\/v2\/tags?post=1742"}],"curies":[{"name":"wp","href":"https:\/\/api.w.org\/{rel}","templated":true}]}}