{"id":1682,"date":"2020-09-09T12:00:24","date_gmt":"2020-09-09T12:00:24","guid":{"rendered":"https:\/\/dentalabril.com\/?p=1682"},"modified":"2022-07-21T08:40:01","modified_gmt":"2022-07-21T08:40:01","slug":"diabetes-salud-bucodental","status":"publish","type":"post","link":"https:\/\/dentalabril.com\/en\/diabetes-salud-bucodental\/","title":{"rendered":"Diabetes y salud bucodental"},"content":{"rendered":"<p>Los dientes y las enc\u00edas son una parte del cuerpo que puede sufrir especialmente los efectos de la diabetes y, por lo tanto, su buen estado y su buen cuidado es a\u00fan m\u00e1s fundamental en las personas diab\u00e9ticas. Existe una relaci\u00f3n clara entre la diabetes y las enfermedades de las enc\u00edas. No solo los diab\u00e9ticos tienen m\u00e1s riesgo de sufrir una enfermedad periodontal\u00a0 (3 o 4 veces m\u00e1s que el resto)\u00a0 sino que la presencia de trastornos en las enc\u00edas pueden identificar precozmente el desarrollo futuro de esta enfermedad.<\/p>\n<h3><strong>\u00bfPor qu\u00e9 debes acudir al dentista?<\/strong><\/h3>\n<p>Acudir a la cl\u00ednica puede contribuir al diagn\u00f3stico precoz de la diabetes y ayudar al control de la enfermedad. Es importante visitarnos si se detectan s\u00edntomas como enc\u00edas enrojecidas, inflamadas, sensibles o que sangran con facilidad.<\/p>\n<h3><strong>\u00bfC\u00f3mo te puede afectar en la salud bucodental?<\/strong><\/h3>\n<p>Una persona diab\u00e9tica, si no se trata adecuadamente, tiene una mayor susceptibilidad a las infecciones, boca seca, halitosis y retraso en la cicatrizaci\u00f3n de las heridas, entre otros problemas bucodentales.<\/p>\n<p>Sufrir una infecci\u00f3n en las enc\u00edas, como la gingivitis o la periodontitis, tambi\u00e9n puede afectar a los niveles de az\u00facar en sangre. Por eso, tener unos h\u00e1bitos de higiene dental correctos puede ayudar a mantener una buena salud bucodental y a controlar la diabetes.<\/p>\n<p>Las enfermedades periodontales son m\u00e1s frecuentes y suelen estar m\u00e1s avanzadas en diab\u00e9ticos, as\u00ed que una buena higiene oral ser\u00e1 fundamental para estos pacientes. La periodontitis puede ser un primer signo de diabetes y, si no se controla, puede hacer empeorar a la diabetes. Por otro lado, un buen tratamiento de las enfermedades de las enc\u00edas puede mejorar el control de la diabetes.<\/p>\n<p>&nbsp;<\/p>\n<p>Recuerda que en Cl\u00ednica Dental Abril estamos para ayudarte. Si quieres resolver cualquier duda o informarte sobre cualquier tratamiento, contacta con nosotros en el n\u00famero de tel\u00e9fono 93 476 22 40. Nuestra cl\u00ednica se encuentra en la calle Rossell\u00f3, 372, 1o2a de Barcelona. \u00a1Te esperamos!<\/p>\n","protected":false},"excerpt":{"rendered":"<p>Los dientes y las enc\u00edas son una parte del cuerpo que puede sufrir especialmente los efectos de la diabetes y, por lo tanto, su buen estado y su buen cuidado es a\u00fan m\u00e1s fundamental en las personas diab\u00e9ticas. Existe una relaci\u00f3n clara entre la diabetes y las enfermedades de las enc\u00edas. No solo los diab\u00e9ticos [&hellip;]<\/p>\n","protected":false},"author":4,"featured_media":1684,"comment_status":"open","ping_status":"closed","sticky":false,"template":"","format":"standard","meta":{"_joinchat":[],"footnotes":"","_wpscppro_custom_social_share_image":0,"_facebook_share_type":"","_twitter_share_type":"","_linkedin_share_type":"","_pinterest_share_type":"","_linkedin_share_type_page":"","_instagram_share_type":"","_medium_share_type":"","_selected_social_profile":[]},"categories":[1],"tags":[127,108],"class_list":{"0":"post-1682","1":"post","2":"type-post","3":"status-publish","4":"format-standard","5":"has-post-thumbnail","7":"category-sin-categoria","8":"tag-diabetes","9":"tag-salud-oral"},"yoast_head":"<!-- This site is optimized with the Yoast SEO plugin v23.1 - https:\/\/yoast.com\/wordpress\/plugins\/seo\/ -->\n<title>Diabetes y salud bucodental | Cl\u00ednica dental Abril<\/title>\n<meta name=\"robots\" content=\"index, follow, max-snippet:-1, max-image-preview:large, max-video-preview:-1\" \/>\n<link rel=\"canonical\" href=\"https:\/\/dentalabril.com\/diabetes-salud-bucodental\/\" \/>\n<meta property=\"og:locale\" content=\"en_US\" \/>\n<meta property=\"og:type\" content=\"article\" \/>\n<meta property=\"og:title\" content=\"Diabetes y salud bucodental | Cl\u00ednica dental Abril\" \/>\n<meta property=\"og:description\" content=\"Los dientes y las enc\u00edas son una parte del cuerpo que puede sufrir especialmente los efectos de la diabetes y, por lo tanto, su buen estado y su buen cuidado es a\u00fan m\u00e1s fundamental en las personas diab\u00e9ticas. Existe una relaci\u00f3n clara entre la diabetes y las enfermedades de las enc\u00edas. No solo los diab\u00e9ticos [&hellip;]\" \/>\n<meta property=\"og:url\" content=\"https:\/\/dentalabril.com\/diabetes-salud-bucodental\/\" \/>\n<meta property=\"og:site_name\" content=\"Cl\u00ednica dental Abril\" \/>\n<meta property=\"article:publisher\" content=\"https:\/\/www.facebook.com\/clinicadentalabril\/\" \/>\n<meta property=\"article:published_time\" content=\"2020-09-09T12:00:24+00:00\" \/>\n<meta property=\"article:modified_time\" content=\"2022-07-21T08:40:01+00:00\" \/>\n<meta property=\"og:image\" content=\"https:\/\/dentalabril.com\/wp-content\/uploads\/2020\/09\/1574847664_diab-ticos-y-la-salud-oral-espadio-dental-ja-n.jpg\" \/>\n\t<meta property=\"og:image:width\" content=\"650\" \/>\n\t<meta property=\"og:image:height\" content=\"462\" \/>\n\t<meta property=\"og:image:type\" content=\"image\/jpeg\" \/>\n<meta name=\"author\" content=\"Cl\u00ednica Dental Abril\" \/>\n<meta name=\"twitter:card\" content=\"summary_large_image\" \/>\n<meta name=\"twitter:label1\" content=\"Written by\" \/>\n\t<meta name=\"twitter:data1\" content=\"Cl\u00ednica Dental Abril\" \/>\n\t<meta name=\"twitter:label2\" content=\"Est. reading time\" \/>\n\t<meta name=\"twitter:data2\" content=\"2 minutes\" \/>\n<script type=\"application\/ld+json\" class=\"yoast-schema-graph\">{\"@context\":\"https:\/\/schema.org\",\"@graph\":[{\"@type\":\"Article\",\"@id\":\"https:\/\/dentalabril.com\/diabetes-salud-bucodental\/#article\",\"isPartOf\":{\"@id\":\"https:\/\/dentalabril.com\/diabetes-salud-bucodental\/\"},\"author\":{\"name\":\"Cl\u00ednica Dental Abril\",\"@id\":\"https:\/\/dentalabril.com\/#\/schema\/person\/ee1913365f94afb96f63b997cada040c\"},\"headline\":\"Diabetes y salud bucodental\",\"datePublished\":\"2020-09-09T12:00:24+00:00\",\"dateModified\":\"2022-07-21T08:40:01+00:00\",\"mainEntityOfPage\":{\"@id\":\"https:\/\/dentalabril.com\/diabetes-salud-bucodental\/\"},\"wordCount\":350,\"commentCount\":0,\"publisher\":{\"@id\":\"https:\/\/dentalabril.com\/#organization\"},\"image\":{\"@id\":\"https:\/\/dentalabril.com\/diabetes-salud-bucodental\/#primaryimage\"},\"thumbnailUrl\":\"https:\/\/dentalabril.com\/wp-content\/uploads\/2020\/09\/1574847664_diab-ticos-y-la-salud-oral-espadio-dental-ja-n.jpg\",\"keywords\":[\"diabetes\",\"salud oral\"],\"articleSection\":[\"blog-tratamientos\"],\"inLanguage\":\"en-US\",\"potentialAction\":[{\"@type\":\"CommentAction\",\"name\":\"Comment\",\"target\":[\"https:\/\/dentalabril.com\/diabetes-salud-bucodental\/#respond\"]}]},{\"@type\":\"WebPage\",\"@id\":\"https:\/\/dentalabril.com\/diabetes-salud-bucodental\/\",\"url\":\"https:\/\/dentalabril.com\/diabetes-salud-bucodental\/\",\"name\":\"Diabetes y salud bucodental | Cl\u00ednica dental Abril\",\"isPartOf\":{\"@id\":\"https:\/\/dentalabril.com\/#website\"},\"primaryImageOfPage\":{\"@id\":\"https:\/\/dentalabril.com\/diabetes-salud-bucodental\/#primaryimage\"},\"image\":{\"@id\":\"https:\/\/dentalabril.com\/diabetes-salud-bucodental\/#primaryimage\"},\"thumbnailUrl\":\"https:\/\/dentalabril.com\/wp-content\/uploads\/2020\/09\/1574847664_diab-ticos-y-la-salud-oral-espadio-dental-ja-n.jpg\",\"datePublished\":\"2020-09-09T12:00:24+00:00\",\"dateModified\":\"2022-07-21T08:40:01+00:00\",\"breadcrumb\":{\"@id\":\"https:\/\/dentalabril.com\/diabetes-salud-bucodental\/#breadcrumb\"},\"inLanguage\":\"en-US\",\"potentialAction\":[{\"@type\":\"ReadAction\",\"target\":[\"https:\/\/dentalabril.com\/diabetes-salud-bucodental\/\"]}]},{\"@type\":\"ImageObject\",\"inLanguage\":\"en-US\",\"@id\":\"https:\/\/dentalabril.com\/diabetes-salud-bucodental\/#primaryimage\",\"url\":\"https:\/\/dentalabril.com\/wp-content\/uploads\/2020\/09\/1574847664_diab-ticos-y-la-salud-oral-espadio-dental-ja-n.jpg\",\"contentUrl\":\"https:\/\/dentalabril.com\/wp-content\/uploads\/2020\/09\/1574847664_diab-ticos-y-la-salud-oral-espadio-dental-ja-n.jpg\",\"width\":650,\"height\":462,\"caption\":\"diabetes y salud oral\"},{\"@type\":\"BreadcrumbList\",\"@id\":\"https:\/\/dentalabril.com\/diabetes-salud-bucodental\/#breadcrumb\",\"itemListElement\":[{\"@type\":\"ListItem\",\"position\":1,\"name\":\"Portada\",\"item\":\"https:\/\/dentalabril.com\/en\/inicio\/\"},{\"@type\":\"ListItem\",\"position\":2,\"name\":\"Diabetes y salud bucodental\"}]},{\"@type\":\"WebSite\",\"@id\":\"https:\/\/dentalabril.com\/#website\",\"url\":\"https:\/\/dentalabril.com\/\",\"name\":\"Cl\u00ednica Dental Abril\",\"description\":\"Tu cl\u00ednica dental en Barcelona\",\"publisher\":{\"@id\":\"https:\/\/dentalabril.com\/#organization\"},\"alternateName\":\"Dental Abril\",\"potentialAction\":[{\"@type\":\"SearchAction\",\"target\":{\"@type\":\"EntryPoint\",\"urlTemplate\":\"https:\/\/dentalabril.com\/?s={search_term_string}\"},\"query-input\":\"required name=search_term_string\"}],\"inLanguage\":\"en-US\"},{\"@type\":\"Organization\",\"@id\":\"https:\/\/dentalabril.com\/#organization\",\"name\":\"Cl\u00ednica Dental Abril\",\"alternateName\":\"Dental Abril\",\"url\":\"https:\/\/dentalabril.com\/\",\"logo\":{\"@type\":\"ImageObject\",\"inLanguage\":\"en-US\",\"@id\":\"https:\/\/dentalabril.com\/#\/schema\/logo\/image\/\",\"url\":\"https:\/\/dentalabril.com\/wp-content\/uploads\/2023\/03\/BBceBSJt_400x400.jpg\",\"contentUrl\":\"https:\/\/dentalabril.com\/wp-content\/uploads\/2023\/03\/BBceBSJt_400x400.jpg\",\"width\":400,\"height\":400,\"caption\":\"Cl\u00ednica Dental Abril\"},\"image\":{\"@id\":\"https:\/\/dentalabril.com\/#\/schema\/logo\/image\/\"},\"sameAs\":[\"https:\/\/www.facebook.com\/clinicadentalabril\/\",\"https:\/\/www.instagram.com\/dentalabril\/\"]},{\"@type\":\"Person\",\"@id\":\"https:\/\/dentalabril.com\/#\/schema\/person\/ee1913365f94afb96f63b997cada040c\",\"name\":\"Cl\u00ednica Dental Abril\",\"image\":{\"@type\":\"ImageObject\",\"inLanguage\":\"en-US\",\"@id\":\"https:\/\/dentalabril.com\/#\/schema\/person\/image\/\",\"url\":\"https:\/\/secure.gravatar.com\/avatar\/d2f687b6c686a7cf6497784acd058e7d?s=96&d=mm&r=g\",\"contentUrl\":\"https:\/\/secure.gravatar.com\/avatar\/d2f687b6c686a7cf6497784acd058e7d?s=96&d=mm&r=g\",\"caption\":\"Cl\u00ednica Dental Abril\"},\"url\":\"https:\/\/dentalabril.com\/en\/author\/clinicadentalabril\/\"}]}<\/script>\n<!-- \/ Yoast SEO plugin. -->","yoast_head_json":{"title":"Diabetes y salud bucodental | Cl\u00ednica dental Abril","robots":{"index":"index","follow":"follow","max-snippet":"max-snippet:-1","max-image-preview":"max-image-preview:large","max-video-preview":"max-video-preview:-1"},"canonical":"https:\/\/dentalabril.com\/diabetes-salud-bucodental\/","og_locale":"en_US","og_type":"article","og_title":"Diabetes y salud bucodental | Cl\u00ednica dental Abril","og_description":"Los dientes y las enc\u00edas son una parte del cuerpo que puede sufrir especialmente los efectos de la diabetes y, por lo tanto, su buen estado y su buen cuidado es a\u00fan m\u00e1s fundamental en las personas diab\u00e9ticas. Existe una relaci\u00f3n clara entre la diabetes y las enfermedades de las enc\u00edas. No solo los diab\u00e9ticos [&hellip;]","og_url":"https:\/\/dentalabril.com\/diabetes-salud-bucodental\/","og_site_name":"Cl\u00ednica dental Abril","article_publisher":"https:\/\/www.facebook.com\/clinicadentalabril\/","article_published_time":"2020-09-09T12:00:24+00:00","article_modified_time":"2022-07-21T08:40:01+00:00","og_image":[{"width":650,"height":462,"url":"https:\/\/dentalabril.com\/wp-content\/uploads\/2020\/09\/1574847664_diab-ticos-y-la-salud-oral-espadio-dental-ja-n.jpg","type":"image\/jpeg"}],"author":"Cl\u00ednica Dental Abril","twitter_card":"summary_large_image","twitter_misc":{"Written by":"Cl\u00ednica Dental Abril","Est. reading time":"2 minutes"},"schema":{"@context":"https:\/\/schema.org","@graph":[{"@type":"Article","@id":"https:\/\/dentalabril.com\/diabetes-salud-bucodental\/#article","isPartOf":{"@id":"https:\/\/dentalabril.com\/diabetes-salud-bucodental\/"},"author":{"name":"Cl\u00ednica Dental Abril","@id":"https:\/\/dentalabril.com\/#\/schema\/person\/ee1913365f94afb96f63b997cada040c"},"headline":"Diabetes y salud bucodental","datePublished":"2020-09-09T12:00:24+00:00","dateModified":"2022-07-21T08:40:01+00:00","mainEntityOfPage":{"@id":"https:\/\/dentalabril.com\/diabetes-salud-bucodental\/"},"wordCount":350,"commentCount":0,"publisher":{"@id":"https:\/\/dentalabril.com\/#organization"},"image":{"@id":"https:\/\/dentalabril.com\/diabetes-salud-bucodental\/#primaryimage"},"thumbnailUrl":"https:\/\/dentalabril.com\/wp-content\/uploads\/2020\/09\/1574847664_diab-ticos-y-la-salud-oral-espadio-dental-ja-n.jpg","keywords":["diabetes","salud oral"],"articleSection":["blog-tratamientos"],"inLanguage":"en-US","potentialAction":[{"@type":"CommentAction","name":"Comment","target":["https:\/\/dentalabril.com\/diabetes-salud-bucodental\/#respond"]}]},{"@type":"WebPage","@id":"https:\/\/dentalabril.com\/diabetes-salud-bucodental\/","url":"https:\/\/dentalabril.com\/diabetes-salud-bucodental\/","name":"Diabetes y salud bucodental | Cl\u00ednica dental Abril","isPartOf":{"@id":"https:\/\/dentalabril.com\/#website"},"primaryImageOfPage":{"@id":"https:\/\/dentalabril.com\/diabetes-salud-bucodental\/#primaryimage"},"image":{"@id":"https:\/\/dentalabril.com\/diabetes-salud-bucodental\/#primaryimage"},"thumbnailUrl":"https:\/\/dentalabril.com\/wp-content\/uploads\/2020\/09\/1574847664_diab-ticos-y-la-salud-oral-espadio-dental-ja-n.jpg","datePublished":"2020-09-09T12:00:24+00:00","dateModified":"2022-07-21T08:40:01+00:00","breadcrumb":{"@id":"https:\/\/dentalabril.com\/diabetes-salud-bucodental\/#breadcrumb"},"inLanguage":"en-US","potentialAction":[{"@type":"ReadAction","target":["https:\/\/dentalabril.com\/diabetes-salud-bucodental\/"]}]},{"@type":"ImageObject","inLanguage":"en-US","@id":"https:\/\/dentalabril.com\/diabetes-salud-bucodental\/#primaryimage","url":"https:\/\/dentalabril.com\/wp-content\/uploads\/2020\/09\/1574847664_diab-ticos-y-la-salud-oral-espadio-dental-ja-n.jpg","contentUrl":"https:\/\/dentalabril.com\/wp-content\/uploads\/2020\/09\/1574847664_diab-ticos-y-la-salud-oral-espadio-dental-ja-n.jpg","width":650,"height":462,"caption":"diabetes y salud oral"},{"@type":"BreadcrumbList","@id":"https:\/\/dentalabril.com\/diabetes-salud-bucodental\/#breadcrumb","itemListElement":[{"@type":"ListItem","position":1,"name":"Portada","item":"https:\/\/dentalabril.com\/en\/inicio\/"},{"@type":"ListItem","position":2,"name":"Diabetes y salud bucodental"}]},{"@type":"WebSite","@id":"https:\/\/dentalabril.com\/#website","url":"https:\/\/dentalabril.com\/","name":"Cl\u00ednica Dental Abril","description":"Tu cl\u00ednica dental en Barcelona","publisher":{"@id":"https:\/\/dentalabril.com\/#organization"},"alternateName":"Dental Abril","potentialAction":[{"@type":"SearchAction","target":{"@type":"EntryPoint","urlTemplate":"https:\/\/dentalabril.com\/?s={search_term_string}"},"query-input":"required name=search_term_string"}],"inLanguage":"en-US"},{"@type":"Organization","@id":"https:\/\/dentalabril.com\/#organization","name":"Cl\u00ednica Dental Abril","alternateName":"Dental Abril","url":"https:\/\/dentalabril.com\/","logo":{"@type":"ImageObject","inLanguage":"en-US","@id":"https:\/\/dentalabril.com\/#\/schema\/logo\/image\/","url":"https:\/\/dentalabril.com\/wp-content\/uploads\/2023\/03\/BBceBSJt_400x400.jpg","contentUrl":"https:\/\/dentalabril.com\/wp-content\/uploads\/2023\/03\/BBceBSJt_400x400.jpg","width":400,"height":400,"caption":"Cl\u00ednica Dental Abril"},"image":{"@id":"https:\/\/dentalabril.com\/#\/schema\/logo\/image\/"},"sameAs":["https:\/\/www.facebook.com\/clinicadentalabril\/","https:\/\/www.instagram.com\/dentalabril\/"]},{"@type":"Person","@id":"https:\/\/dentalabril.com\/#\/schema\/person\/ee1913365f94afb96f63b997cada040c","name":"Cl\u00ednica Dental Abril","image":{"@type":"ImageObject","inLanguage":"en-US","@id":"https:\/\/dentalabril.com\/#\/schema\/person\/image\/","url":"https:\/\/secure.gravatar.com\/avatar\/d2f687b6c686a7cf6497784acd058e7d?s=96&d=mm&r=g","contentUrl":"https:\/\/secure.gravatar.com\/avatar\/d2f687b6c686a7cf6497784acd058e7d?s=96&d=mm&r=g","caption":"Cl\u00ednica Dental Abril"},"url":"https:\/\/dentalabril.com\/en\/author\/clinicadentalabril\/"}]}},"_links":{"self":[{"href":"https:\/\/dentalabril.com\/en\/wp-json\/wp\/v2\/posts\/1682"}],"collection":[{"href":"https:\/\/dentalabril.com\/en\/wp-json\/wp\/v2\/posts"}],"about":[{"href":"https:\/\/dentalabril.com\/en\/wp-json\/wp\/v2\/types\/post"}],"author":[{"embeddable":true,"href":"https:\/\/dentalabril.com\/en\/wp-json\/wp\/v2\/users\/4"}],"replies":[{"embeddable":true,"href":"https:\/\/dentalabril.com\/en\/wp-json\/wp\/v2\/comments?post=1682"}],"version-history":[{"count":0,"href":"https:\/\/dentalabril.com\/en\/wp-json\/wp\/v2\/posts\/1682\/revisions"}],"wp:featuredmedia":[{"embeddable":true,"href":"https:\/\/dentalabril.com\/en\/wp-json\/wp\/v2\/media\/1684"}],"wp:attachment":[{"href":"https:\/\/dentalabril.com\/en\/wp-json\/wp\/v2\/media?parent=1682"}],"wp:term":[{"taxonomy":"category","embeddable":true,"href":"https:\/\/dentalabril.com\/en\/wp-json\/wp\/v2\/categories?post=1682"},{"taxonomy":"post_tag","embeddable":true,"href":"https:\/\/dentalabril.com\/en\/wp-json\/wp\/v2\/tags?post=1682"}],"curies":[{"name":"wp","href":"https:\/\/api.w.org\/{rel}","templated":true}]}}