{"id":1576,"date":"2020-08-03T11:27:11","date_gmt":"2020-08-03T11:27:11","guid":{"rendered":"https:\/\/dentalabril.com\/?p=1576"},"modified":"2022-07-21T08:40:05","modified_gmt":"2022-07-21T08:40:05","slug":"salud-oral-tercera-edad","status":"publish","type":"post","link":"https:\/\/dentalabril.com\/en\/salud-oral-tercera-edad\/","title":{"rendered":"Salud oral en la tercera edad"},"content":{"rendered":"<p>Con el aumento de la edad, las personas mayores pueden ser m\u00e1s susceptibles a ciertas enfermedades bucodentales. Aunque el estado de la boca en general depende principalmente de los cuidados que se hayan tenido a lo largo de la vida, de haber tenido h\u00e1bitos saludables y tambi\u00e9n la suerte de tener una buena herencia gen\u00e9tica, hay ciertas patolog\u00edas que son m\u00e1s propensas a aparecer en personas de la tercera edad. Adem\u00e1s, un mayor uso de medicamentos, y el deterioro f\u00edsico, como tambi\u00e9n los cambios en la dieta pueden impactar en la salud oral.<\/p>\n<p>Es fundamental mantener una buena salud bucal en la tercera edad, ya que puede influir en el estado general de salud y calidad de vida. Es por eso que hoy os contamos los aspectos principales que se deben tener en cuenta en las personas mayores para mantener una correcta salud oral, evitando cualquier posible alteraci\u00f3n.<\/p>\n<p>&nbsp;<\/p>\n<h3>\u00bfQu\u00e9 aspectos debemos tener en cuenta para una buena salud oral en la tercera edad?<\/h3>\n<ul>\n<li>La caries y el deterioro dental son m\u00e1s comunes en personas de edad avanzada. Por lo tanto, es importante cepillarse con una pasta de dientes con fl\u00faor, utilizar hilo dental diariamente y visitar al dentista con regularidad.<\/li>\n<li>La sensibilidad dental puede aumentar a medida que se avanza en edad. Las enc\u00edas se retraen con el tiempo, exponiendo zonas del diente que no est\u00e1n protegidas por el esmalte, propensas al dolor ante alimentos o bebidas fr\u00edas o calientes. Si se experimenta sensibilidad, recomendamos acudir al dentista para comprobar el buen estado de la salud bucal y recomendar una pasta de dientes para dientes sensibles.<\/li>\n<li>La sequedad bucal es un trastorno com\u00fan en las personas mayores, que puede ser causado por medicamentos o ciertos trastornos m\u00e9dicos. Si no se trata, esto podr\u00eda da\u00f1ar los dientes. El dentista recomendar\u00e1 varios m\u00e9todos para recuperar la humedad de la boca, adem\u00e1s de tratamientos o medicamentos apropiados para evitar los problemas relacionados con la sequedad bucal.<\/li>\n<li>Los trastornos de salud como la diabetes, afecciones card\u00edacas o el c\u00e1ncer pueden afectar a la salud bucal. Es necesario comunicar al dentista cualquier problema de salud, para que comprenda la situaci\u00f3n general y pueda actuar adapt\u00e1ndose a la situaci\u00f3n de cada paciente.<\/li>\n<li>Las pr\u00f3tesis dentales suelen hacer la vida m\u00e1s f\u00e1cil a las personas mayores, pero requieren cuidados especiales. Se deben seguir detalladamente las instrucciones del dentista y visitarlo si surge cualquier problema, adem\u00e1s de las revisiones anuales.<\/li>\n<\/ul>\n<p>&nbsp;<\/p>\n<p>Si quieres tienes cualquier duda, necesitas m\u00e1s informaci\u00f3n o deseas realizarnos cualquier consulta, contacta con nosotros en el n\u00famero de tel\u00e9fono 93 476 22 40. Nuestra cl\u00ednica se encuentra en la calle Rossell\u00f3, 372, 1o2a de Barcelona. \u00a1Te esperamos!<\/p>\n","protected":false},"excerpt":{"rendered":"<p>Con el aumento de la edad, las personas mayores pueden ser m\u00e1s susceptibles a ciertas enfermedades bucodentales. Aunque el estado de la boca en general depende principalmente de los cuidados que se hayan tenido a lo largo de la vida, de haber tenido h\u00e1bitos saludables y tambi\u00e9n la suerte de tener una buena herencia gen\u00e9tica, [&hellip;]<\/p>\n","protected":false},"author":4,"featured_media":1579,"comment_status":"open","ping_status":"closed","sticky":false,"template":"","format":"standard","meta":{"_joinchat":[],"footnotes":"","_wpscppro_custom_social_share_image":0,"_facebook_share_type":"","_twitter_share_type":"","_linkedin_share_type":"","_pinterest_share_type":"","_linkedin_share_type_page":"","_instagram_share_type":"","_medium_share_type":"","_selected_social_profile":[]},"categories":[1],"tags":[108],"class_list":{"0":"post-1576","1":"post","2":"type-post","3":"status-publish","4":"format-standard","5":"has-post-thumbnail","7":"category-sin-categoria","8":"tag-salud-oral"},"yoast_head":"<!-- This site is optimized with the Yoast SEO plugin v23.1 - https:\/\/yoast.com\/wordpress\/plugins\/seo\/ -->\n<title>Salud oral en la tercera edad | Cl\u00ednica dental Abril<\/title>\n<meta name=\"robots\" content=\"index, follow, max-snippet:-1, max-image-preview:large, max-video-preview:-1\" \/>\n<link rel=\"canonical\" href=\"https:\/\/dentalabril.com\/salud-oral-tercera-edad\/\" \/>\n<meta property=\"og:locale\" content=\"en_US\" \/>\n<meta property=\"og:type\" content=\"article\" \/>\n<meta property=\"og:title\" content=\"Salud oral en la tercera edad | Cl\u00ednica dental Abril\" \/>\n<meta property=\"og:description\" content=\"Con el aumento de la edad, las personas mayores pueden ser m\u00e1s susceptibles a ciertas enfermedades bucodentales. Aunque el estado de la boca en general depende principalmente de los cuidados que se hayan tenido a lo largo de la vida, de haber tenido h\u00e1bitos saludables y tambi\u00e9n la suerte de tener una buena herencia gen\u00e9tica, [&hellip;]\" \/>\n<meta property=\"og:url\" content=\"https:\/\/dentalabril.com\/salud-oral-tercera-edad\/\" \/>\n<meta property=\"og:site_name\" content=\"Cl\u00ednica dental Abril\" \/>\n<meta property=\"article:publisher\" content=\"https:\/\/www.facebook.com\/clinicadentalabril\/\" \/>\n<meta property=\"article:published_time\" content=\"2020-08-03T11:27:11+00:00\" \/>\n<meta property=\"article:modified_time\" content=\"2022-07-21T08:40:05+00:00\" \/>\n<meta property=\"og:image\" content=\"https:\/\/dentalabril.com\/wp-content\/uploads\/2020\/08\/salud-dental-en-la-tercera-edad_cuerpo.jpg\" \/>\n\t<meta property=\"og:image:width\" content=\"1200\" \/>\n\t<meta property=\"og:image:height\" content=\"800\" \/>\n\t<meta property=\"og:image:type\" content=\"image\/jpeg\" \/>\n<meta name=\"author\" content=\"Cl\u00ednica Dental Abril\" \/>\n<meta name=\"twitter:card\" content=\"summary_large_image\" \/>\n<meta name=\"twitter:label1\" content=\"Written by\" \/>\n\t<meta name=\"twitter:data1\" content=\"Cl\u00ednica Dental Abril\" \/>\n\t<meta name=\"twitter:label2\" content=\"Est. reading time\" \/>\n\t<meta name=\"twitter:data2\" content=\"2 minutes\" \/>\n<script type=\"application\/ld+json\" class=\"yoast-schema-graph\">{\"@context\":\"https:\/\/schema.org\",\"@graph\":[{\"@type\":\"Article\",\"@id\":\"https:\/\/dentalabril.com\/salud-oral-tercera-edad\/#article\",\"isPartOf\":{\"@id\":\"https:\/\/dentalabril.com\/salud-oral-tercera-edad\/\"},\"author\":{\"name\":\"Cl\u00ednica Dental Abril\",\"@id\":\"https:\/\/dentalabril.com\/#\/schema\/person\/ee1913365f94afb96f63b997cada040c\"},\"headline\":\"Salud oral en la tercera edad\",\"datePublished\":\"2020-08-03T11:27:11+00:00\",\"dateModified\":\"2022-07-21T08:40:05+00:00\",\"mainEntityOfPage\":{\"@id\":\"https:\/\/dentalabril.com\/salud-oral-tercera-edad\/\"},\"wordCount\":480,\"commentCount\":0,\"publisher\":{\"@id\":\"https:\/\/dentalabril.com\/#organization\"},\"image\":{\"@id\":\"https:\/\/dentalabril.com\/salud-oral-tercera-edad\/#primaryimage\"},\"thumbnailUrl\":\"https:\/\/dentalabril.com\/wp-content\/uploads\/2020\/08\/salud-dental-en-la-tercera-edad_cuerpo.jpg\",\"keywords\":[\"salud oral\"],\"articleSection\":[\"blog-tratamientos\"],\"inLanguage\":\"en-US\",\"potentialAction\":[{\"@type\":\"CommentAction\",\"name\":\"Comment\",\"target\":[\"https:\/\/dentalabril.com\/salud-oral-tercera-edad\/#respond\"]}]},{\"@type\":\"WebPage\",\"@id\":\"https:\/\/dentalabril.com\/salud-oral-tercera-edad\/\",\"url\":\"https:\/\/dentalabril.com\/salud-oral-tercera-edad\/\",\"name\":\"Salud oral en la tercera edad | Cl\u00ednica dental Abril\",\"isPartOf\":{\"@id\":\"https:\/\/dentalabril.com\/#website\"},\"primaryImageOfPage\":{\"@id\":\"https:\/\/dentalabril.com\/salud-oral-tercera-edad\/#primaryimage\"},\"image\":{\"@id\":\"https:\/\/dentalabril.com\/salud-oral-tercera-edad\/#primaryimage\"},\"thumbnailUrl\":\"https:\/\/dentalabril.com\/wp-content\/uploads\/2020\/08\/salud-dental-en-la-tercera-edad_cuerpo.jpg\",\"datePublished\":\"2020-08-03T11:27:11+00:00\",\"dateModified\":\"2022-07-21T08:40:05+00:00\",\"breadcrumb\":{\"@id\":\"https:\/\/dentalabril.com\/salud-oral-tercera-edad\/#breadcrumb\"},\"inLanguage\":\"en-US\",\"potentialAction\":[{\"@type\":\"ReadAction\",\"target\":[\"https:\/\/dentalabril.com\/salud-oral-tercera-edad\/\"]}]},{\"@type\":\"ImageObject\",\"inLanguage\":\"en-US\",\"@id\":\"https:\/\/dentalabril.com\/salud-oral-tercera-edad\/#primaryimage\",\"url\":\"https:\/\/dentalabril.com\/wp-content\/uploads\/2020\/08\/salud-dental-en-la-tercera-edad_cuerpo.jpg\",\"contentUrl\":\"https:\/\/dentalabril.com\/wp-content\/uploads\/2020\/08\/salud-dental-en-la-tercera-edad_cuerpo.jpg\",\"width\":1200,\"height\":800,\"caption\":\"salud oral tercera edad\"},{\"@type\":\"BreadcrumbList\",\"@id\":\"https:\/\/dentalabril.com\/salud-oral-tercera-edad\/#breadcrumb\",\"itemListElement\":[{\"@type\":\"ListItem\",\"position\":1,\"name\":\"Portada\",\"item\":\"https:\/\/dentalabril.com\/en\/inicio\/\"},{\"@type\":\"ListItem\",\"position\":2,\"name\":\"Salud oral en la tercera edad\"}]},{\"@type\":\"WebSite\",\"@id\":\"https:\/\/dentalabril.com\/#website\",\"url\":\"https:\/\/dentalabril.com\/\",\"name\":\"Cl\u00ednica Dental Abril\",\"description\":\"Tu cl\u00ednica dental en Barcelona\",\"publisher\":{\"@id\":\"https:\/\/dentalabril.com\/#organization\"},\"alternateName\":\"Dental Abril\",\"potentialAction\":[{\"@type\":\"SearchAction\",\"target\":{\"@type\":\"EntryPoint\",\"urlTemplate\":\"https:\/\/dentalabril.com\/?s={search_term_string}\"},\"query-input\":\"required name=search_term_string\"}],\"inLanguage\":\"en-US\"},{\"@type\":\"Organization\",\"@id\":\"https:\/\/dentalabril.com\/#organization\",\"name\":\"Cl\u00ednica Dental Abril\",\"alternateName\":\"Dental Abril\",\"url\":\"https:\/\/dentalabril.com\/\",\"logo\":{\"@type\":\"ImageObject\",\"inLanguage\":\"en-US\",\"@id\":\"https:\/\/dentalabril.com\/#\/schema\/logo\/image\/\",\"url\":\"https:\/\/dentalabril.com\/wp-content\/uploads\/2023\/03\/BBceBSJt_400x400.jpg\",\"contentUrl\":\"https:\/\/dentalabril.com\/wp-content\/uploads\/2023\/03\/BBceBSJt_400x400.jpg\",\"width\":400,\"height\":400,\"caption\":\"Cl\u00ednica Dental Abril\"},\"image\":{\"@id\":\"https:\/\/dentalabril.com\/#\/schema\/logo\/image\/\"},\"sameAs\":[\"https:\/\/www.facebook.com\/clinicadentalabril\/\",\"https:\/\/www.instagram.com\/dentalabril\/\"]},{\"@type\":\"Person\",\"@id\":\"https:\/\/dentalabril.com\/#\/schema\/person\/ee1913365f94afb96f63b997cada040c\",\"name\":\"Cl\u00ednica Dental Abril\",\"image\":{\"@type\":\"ImageObject\",\"inLanguage\":\"en-US\",\"@id\":\"https:\/\/dentalabril.com\/#\/schema\/person\/image\/\",\"url\":\"https:\/\/secure.gravatar.com\/avatar\/d2f687b6c686a7cf6497784acd058e7d?s=96&d=mm&r=g\",\"contentUrl\":\"https:\/\/secure.gravatar.com\/avatar\/d2f687b6c686a7cf6497784acd058e7d?s=96&d=mm&r=g\",\"caption\":\"Cl\u00ednica Dental Abril\"},\"url\":\"https:\/\/dentalabril.com\/en\/author\/clinicadentalabril\/\"}]}<\/script>\n<!-- \/ Yoast SEO plugin. -->","yoast_head_json":{"title":"Salud oral en la tercera edad | Cl\u00ednica dental Abril","robots":{"index":"index","follow":"follow","max-snippet":"max-snippet:-1","max-image-preview":"max-image-preview:large","max-video-preview":"max-video-preview:-1"},"canonical":"https:\/\/dentalabril.com\/salud-oral-tercera-edad\/","og_locale":"en_US","og_type":"article","og_title":"Salud oral en la tercera edad | Cl\u00ednica dental Abril","og_description":"Con el aumento de la edad, las personas mayores pueden ser m\u00e1s susceptibles a ciertas enfermedades bucodentales. Aunque el estado de la boca en general depende principalmente de los cuidados que se hayan tenido a lo largo de la vida, de haber tenido h\u00e1bitos saludables y tambi\u00e9n la suerte de tener una buena herencia gen\u00e9tica, [&hellip;]","og_url":"https:\/\/dentalabril.com\/salud-oral-tercera-edad\/","og_site_name":"Cl\u00ednica dental Abril","article_publisher":"https:\/\/www.facebook.com\/clinicadentalabril\/","article_published_time":"2020-08-03T11:27:11+00:00","article_modified_time":"2022-07-21T08:40:05+00:00","og_image":[{"width":1200,"height":800,"url":"https:\/\/dentalabril.com\/wp-content\/uploads\/2020\/08\/salud-dental-en-la-tercera-edad_cuerpo.jpg","type":"image\/jpeg"}],"author":"Cl\u00ednica Dental Abril","twitter_card":"summary_large_image","twitter_misc":{"Written by":"Cl\u00ednica Dental Abril","Est. reading time":"2 minutes"},"schema":{"@context":"https:\/\/schema.org","@graph":[{"@type":"Article","@id":"https:\/\/dentalabril.com\/salud-oral-tercera-edad\/#article","isPartOf":{"@id":"https:\/\/dentalabril.com\/salud-oral-tercera-edad\/"},"author":{"name":"Cl\u00ednica Dental Abril","@id":"https:\/\/dentalabril.com\/#\/schema\/person\/ee1913365f94afb96f63b997cada040c"},"headline":"Salud oral en la tercera edad","datePublished":"2020-08-03T11:27:11+00:00","dateModified":"2022-07-21T08:40:05+00:00","mainEntityOfPage":{"@id":"https:\/\/dentalabril.com\/salud-oral-tercera-edad\/"},"wordCount":480,"commentCount":0,"publisher":{"@id":"https:\/\/dentalabril.com\/#organization"},"image":{"@id":"https:\/\/dentalabril.com\/salud-oral-tercera-edad\/#primaryimage"},"thumbnailUrl":"https:\/\/dentalabril.com\/wp-content\/uploads\/2020\/08\/salud-dental-en-la-tercera-edad_cuerpo.jpg","keywords":["salud oral"],"articleSection":["blog-tratamientos"],"inLanguage":"en-US","potentialAction":[{"@type":"CommentAction","name":"Comment","target":["https:\/\/dentalabril.com\/salud-oral-tercera-edad\/#respond"]}]},{"@type":"WebPage","@id":"https:\/\/dentalabril.com\/salud-oral-tercera-edad\/","url":"https:\/\/dentalabril.com\/salud-oral-tercera-edad\/","name":"Salud oral en la tercera edad | Cl\u00ednica dental Abril","isPartOf":{"@id":"https:\/\/dentalabril.com\/#website"},"primaryImageOfPage":{"@id":"https:\/\/dentalabril.com\/salud-oral-tercera-edad\/#primaryimage"},"image":{"@id":"https:\/\/dentalabril.com\/salud-oral-tercera-edad\/#primaryimage"},"thumbnailUrl":"https:\/\/dentalabril.com\/wp-content\/uploads\/2020\/08\/salud-dental-en-la-tercera-edad_cuerpo.jpg","datePublished":"2020-08-03T11:27:11+00:00","dateModified":"2022-07-21T08:40:05+00:00","breadcrumb":{"@id":"https:\/\/dentalabril.com\/salud-oral-tercera-edad\/#breadcrumb"},"inLanguage":"en-US","potentialAction":[{"@type":"ReadAction","target":["https:\/\/dentalabril.com\/salud-oral-tercera-edad\/"]}]},{"@type":"ImageObject","inLanguage":"en-US","@id":"https:\/\/dentalabril.com\/salud-oral-tercera-edad\/#primaryimage","url":"https:\/\/dentalabril.com\/wp-content\/uploads\/2020\/08\/salud-dental-en-la-tercera-edad_cuerpo.jpg","contentUrl":"https:\/\/dentalabril.com\/wp-content\/uploads\/2020\/08\/salud-dental-en-la-tercera-edad_cuerpo.jpg","width":1200,"height":800,"caption":"salud oral tercera edad"},{"@type":"BreadcrumbList","@id":"https:\/\/dentalabril.com\/salud-oral-tercera-edad\/#breadcrumb","itemListElement":[{"@type":"ListItem","position":1,"name":"Portada","item":"https:\/\/dentalabril.com\/en\/inicio\/"},{"@type":"ListItem","position":2,"name":"Salud oral en la tercera edad"}]},{"@type":"WebSite","@id":"https:\/\/dentalabril.com\/#website","url":"https:\/\/dentalabril.com\/","name":"Cl\u00ednica Dental Abril","description":"Tu cl\u00ednica dental en Barcelona","publisher":{"@id":"https:\/\/dentalabril.com\/#organization"},"alternateName":"Dental Abril","potentialAction":[{"@type":"SearchAction","target":{"@type":"EntryPoint","urlTemplate":"https:\/\/dentalabril.com\/?s={search_term_string}"},"query-input":"required name=search_term_string"}],"inLanguage":"en-US"},{"@type":"Organization","@id":"https:\/\/dentalabril.com\/#organization","name":"Cl\u00ednica Dental Abril","alternateName":"Dental Abril","url":"https:\/\/dentalabril.com\/","logo":{"@type":"ImageObject","inLanguage":"en-US","@id":"https:\/\/dentalabril.com\/#\/schema\/logo\/image\/","url":"https:\/\/dentalabril.com\/wp-content\/uploads\/2023\/03\/BBceBSJt_400x400.jpg","contentUrl":"https:\/\/dentalabril.com\/wp-content\/uploads\/2023\/03\/BBceBSJt_400x400.jpg","width":400,"height":400,"caption":"Cl\u00ednica Dental Abril"},"image":{"@id":"https:\/\/dentalabril.com\/#\/schema\/logo\/image\/"},"sameAs":["https:\/\/www.facebook.com\/clinicadentalabril\/","https:\/\/www.instagram.com\/dentalabril\/"]},{"@type":"Person","@id":"https:\/\/dentalabril.com\/#\/schema\/person\/ee1913365f94afb96f63b997cada040c","name":"Cl\u00ednica Dental Abril","image":{"@type":"ImageObject","inLanguage":"en-US","@id":"https:\/\/dentalabril.com\/#\/schema\/person\/image\/","url":"https:\/\/secure.gravatar.com\/avatar\/d2f687b6c686a7cf6497784acd058e7d?s=96&d=mm&r=g","contentUrl":"https:\/\/secure.gravatar.com\/avatar\/d2f687b6c686a7cf6497784acd058e7d?s=96&d=mm&r=g","caption":"Cl\u00ednica Dental Abril"},"url":"https:\/\/dentalabril.com\/en\/author\/clinicadentalabril\/"}]}},"_links":{"self":[{"href":"https:\/\/dentalabril.com\/en\/wp-json\/wp\/v2\/posts\/1576"}],"collection":[{"href":"https:\/\/dentalabril.com\/en\/wp-json\/wp\/v2\/posts"}],"about":[{"href":"https:\/\/dentalabril.com\/en\/wp-json\/wp\/v2\/types\/post"}],"author":[{"embeddable":true,"href":"https:\/\/dentalabril.com\/en\/wp-json\/wp\/v2\/users\/4"}],"replies":[{"embeddable":true,"href":"https:\/\/dentalabril.com\/en\/wp-json\/wp\/v2\/comments?post=1576"}],"version-history":[{"count":0,"href":"https:\/\/dentalabril.com\/en\/wp-json\/wp\/v2\/posts\/1576\/revisions"}],"wp:featuredmedia":[{"embeddable":true,"href":"https:\/\/dentalabril.com\/en\/wp-json\/wp\/v2\/media\/1579"}],"wp:attachment":[{"href":"https:\/\/dentalabril.com\/en\/wp-json\/wp\/v2\/media?parent=1576"}],"wp:term":[{"taxonomy":"category","embeddable":true,"href":"https:\/\/dentalabril.com\/en\/wp-json\/wp\/v2\/categories?post=1576"},{"taxonomy":"post_tag","embeddable":true,"href":"https:\/\/dentalabril.com\/en\/wp-json\/wp\/v2\/tags?post=1576"}],"curies":[{"name":"wp","href":"https:\/\/api.w.org\/{rel}","templated":true}]}}