{"id":9963,"date":"2022-09-28T13:49:28","date_gmt":"2022-09-28T11:49:28","guid":{"rendered":"https:\/\/dentalabril.com\/?p=9963"},"modified":"2023-02-02T12:36:44","modified_gmt":"2023-02-02T11:36:44","slug":"este-mes-de-septiembre-ha-comenzado-con-una-energia-especial","status":"publish","type":"post","link":"https:\/\/dentalabril.com\/ca\/este-mes-de-septiembre-ha-comenzado-con-una-energia-especial\/","title":{"rendered":"Este mes de septiembre ha comenzado con una energ\u00eda especial."},"content":{"rendered":"<p>La nueva temporada iniciada ha llegado marcada por la alegr\u00eda del reencuentro, por una din\u00e1mica m\u00e1s relajada, aunque siempre tomando las medidas de precauci\u00f3n  necesarias, pero la sensaci\u00f3n es que se abre un mejor panorama que nos permite relacionarnos de una manera m\u00e1s natural y cercana, ha disminuido ese temor y se han ido sorteando barreras. Hay ganas de mirarse a la cara, de sonre\u00edrnos, de conversar.<br \/>\nCaptamos y compartimos con vosotros momentos del reencuentro con algunos de nuestros pacientes durante estas primeras semanas de septiembre.<\/p>\n<p><a href=\"https:\/\/dentalabril.com\/wp-content\/uploads\/2022\/09\/dentista-Barcelona.mp4\"><img fetchpriority=\"high\" decoding=\"async\" src=\"https:\/\/dentalabril.com\/wp-content\/uploads\/2022\/09\/equipo-clinica-dental-Barcelona-1.png\" alt=\"Ver v\u00eddeo aqu\u00ed\" width=\"950\" height=\"704\" class=\"alignnone size-full wp-image-9968\" srcset=\"https:\/\/dentalabril.com\/wp-content\/uploads\/2022\/09\/equipo-clinica-dental-Barcelona-1.png 950w, https:\/\/dentalabril.com\/wp-content\/uploads\/2022\/09\/equipo-clinica-dental-Barcelona-1-300x222.png 300w, https:\/\/dentalabril.com\/wp-content\/uploads\/2022\/09\/equipo-clinica-dental-Barcelona-1-768x569.png 768w, https:\/\/dentalabril.com\/wp-content\/uploads\/2022\/09\/equipo-clinica-dental-Barcelona-1-636x471.png 636w, https:\/\/dentalabril.com\/wp-content\/uploads\/2022\/09\/equipo-clinica-dental-Barcelona-1-320x237.png 320w, https:\/\/dentalabril.com\/wp-content\/uploads\/2022\/09\/equipo-clinica-dental-Barcelona-1-239x177.png 239w\" sizes=\"(max-width: 950px) 100vw, 950px\" \/><\/a><\/p>\n","protected":false},"excerpt":{"rendered":"<p>La nueva temporada iniciada ha llegado marcada por la alegr\u00eda del reencuentro, por una din\u00e1mica m\u00e1s relajada, aunque siempre tomando las medidas de precauci\u00f3n necesarias, pero la sensaci\u00f3n es que se abre un mejor panorama que nos permite relacionarnos de una manera m\u00e1s natural y cercana, ha disminuido ese temor y se han ido sorteando [&hellip;]<\/p>\n","protected":false},"author":4,"featured_media":9966,"comment_status":"closed","ping_status":"closed","sticky":false,"template":"","format":"standard","meta":{"_joinchat":[],"footnotes":"","_wpscppro_custom_social_share_image":0,"_facebook_share_type":"","_twitter_share_type":"","_linkedin_share_type":"","_pinterest_share_type":"","_linkedin_share_type_page":"","_instagram_share_type":"","_medium_share_type":"","_selected_social_profile":[]},"categories":[1],"tags":[],"class_list":{"0":"post-9963","1":"post","2":"type-post","3":"status-publish","4":"format-standard","5":"has-post-thumbnail","7":"category-sin-categoria"},"yoast_head":"<!-- This site is optimized with the Yoast SEO plugin v23.1 - https:\/\/yoast.com\/wordpress\/plugins\/seo\/ -->\n<title>Este mes de septiembre ha comenzado con una energ\u00eda especial. | Cl\u00ednica dental Abril<\/title>\n<meta name=\"robots\" content=\"index, follow, max-snippet:-1, max-image-preview:large, max-video-preview:-1\" \/>\n<link rel=\"canonical\" href=\"https:\/\/dentalabril.com\/este-mes-de-septiembre-ha-comenzado-con-una-energia-especial\/\" \/>\n<meta property=\"og:locale\" content=\"ca_ES\" \/>\n<meta property=\"og:type\" content=\"article\" \/>\n<meta property=\"og:title\" content=\"Este mes de septiembre ha comenzado con una energ\u00eda especial. | Cl\u00ednica dental Abril\" \/>\n<meta property=\"og:description\" content=\"La nueva temporada iniciada ha llegado marcada por la alegr\u00eda del reencuentro, por una din\u00e1mica m\u00e1s relajada, aunque siempre tomando las medidas de precauci\u00f3n necesarias, pero la sensaci\u00f3n es que se abre un mejor panorama que nos permite relacionarnos de una manera m\u00e1s natural y cercana, ha disminuido ese temor y se han ido sorteando [&hellip;]\" \/>\n<meta property=\"og:url\" content=\"https:\/\/dentalabril.com\/este-mes-de-septiembre-ha-comenzado-con-una-energia-especial\/\" \/>\n<meta property=\"og:site_name\" content=\"Cl\u00ednica dental Abril\" \/>\n<meta property=\"article:publisher\" content=\"https:\/\/www.facebook.com\/clinicadentalabril\/\" \/>\n<meta property=\"article:published_time\" content=\"2022-09-28T11:49:28+00:00\" \/>\n<meta property=\"article:modified_time\" content=\"2023-02-02T11:36:44+00:00\" \/>\n<meta property=\"og:image\" content=\"https:\/\/dentalabril.com\/wp-content\/uploads\/2022\/09\/equipo-clinica-dental-Barcelona.png\" \/>\n\t<meta property=\"og:image:width\" content=\"950\" \/>\n\t<meta property=\"og:image:height\" content=\"704\" \/>\n\t<meta property=\"og:image:type\" content=\"image\/png\" \/>\n<meta name=\"author\" content=\"Cl\u00ednica Dental Abril\" \/>\n<meta name=\"twitter:card\" content=\"summary_large_image\" \/>\n<meta name=\"twitter:label1\" content=\"Escrit per\" \/>\n\t<meta name=\"twitter:data1\" content=\"Cl\u00ednica Dental Abril\" \/>\n<script type=\"application\/ld+json\" class=\"yoast-schema-graph\">{\"@context\":\"https:\/\/schema.org\",\"@graph\":[{\"@type\":\"Article\",\"@id\":\"https:\/\/dentalabril.com\/este-mes-de-septiembre-ha-comenzado-con-una-energia-especial\/#article\",\"isPartOf\":{\"@id\":\"https:\/\/dentalabril.com\/este-mes-de-septiembre-ha-comenzado-con-una-energia-especial\/\"},\"author\":{\"name\":\"Cl\u00ednica Dental Abril\",\"@id\":\"https:\/\/dentalabril.com\/#\/schema\/person\/ee1913365f94afb96f63b997cada040c\"},\"headline\":\"Este mes de septiembre ha comenzado con una energ\u00eda especial.\",\"datePublished\":\"2022-09-28T11:49:28+00:00\",\"dateModified\":\"2023-02-02T11:36:44+00:00\",\"mainEntityOfPage\":{\"@id\":\"https:\/\/dentalabril.com\/este-mes-de-septiembre-ha-comenzado-con-una-energia-especial\/\"},\"wordCount\":104,\"publisher\":{\"@id\":\"https:\/\/dentalabril.com\/#organization\"},\"image\":{\"@id\":\"https:\/\/dentalabril.com\/este-mes-de-septiembre-ha-comenzado-con-una-energia-especial\/#primaryimage\"},\"thumbnailUrl\":\"https:\/\/dentalabril.com\/wp-content\/uploads\/2022\/09\/equipo-clinica-dental-Barcelona.png\",\"articleSection\":[\"blog-tratamientos\"],\"inLanguage\":\"ca\"},{\"@type\":\"WebPage\",\"@id\":\"https:\/\/dentalabril.com\/este-mes-de-septiembre-ha-comenzado-con-una-energia-especial\/\",\"url\":\"https:\/\/dentalabril.com\/este-mes-de-septiembre-ha-comenzado-con-una-energia-especial\/\",\"name\":\"Este mes de septiembre ha comenzado con una energ\u00eda especial. | Cl\u00ednica dental Abril\",\"isPartOf\":{\"@id\":\"https:\/\/dentalabril.com\/#website\"},\"primaryImageOfPage\":{\"@id\":\"https:\/\/dentalabril.com\/este-mes-de-septiembre-ha-comenzado-con-una-energia-especial\/#primaryimage\"},\"image\":{\"@id\":\"https:\/\/dentalabril.com\/este-mes-de-septiembre-ha-comenzado-con-una-energia-especial\/#primaryimage\"},\"thumbnailUrl\":\"https:\/\/dentalabril.com\/wp-content\/uploads\/2022\/09\/equipo-clinica-dental-Barcelona.png\",\"datePublished\":\"2022-09-28T11:49:28+00:00\",\"dateModified\":\"2023-02-02T11:36:44+00:00\",\"breadcrumb\":{\"@id\":\"https:\/\/dentalabril.com\/este-mes-de-septiembre-ha-comenzado-con-una-energia-especial\/#breadcrumb\"},\"inLanguage\":\"ca\",\"potentialAction\":[{\"@type\":\"ReadAction\",\"target\":[\"https:\/\/dentalabril.com\/este-mes-de-septiembre-ha-comenzado-con-una-energia-especial\/\"]}]},{\"@type\":\"ImageObject\",\"inLanguage\":\"ca\",\"@id\":\"https:\/\/dentalabril.com\/este-mes-de-septiembre-ha-comenzado-con-una-energia-especial\/#primaryimage\",\"url\":\"https:\/\/dentalabril.com\/wp-content\/uploads\/2022\/09\/equipo-clinica-dental-Barcelona.png\",\"contentUrl\":\"https:\/\/dentalabril.com\/wp-content\/uploads\/2022\/09\/equipo-clinica-dental-Barcelona.png\",\"width\":950,\"height\":704,\"caption\":\"equipo clinica dental Barcelona\"},{\"@type\":\"BreadcrumbList\",\"@id\":\"https:\/\/dentalabril.com\/este-mes-de-septiembre-ha-comenzado-con-una-energia-especial\/#breadcrumb\",\"itemListElement\":[{\"@type\":\"ListItem\",\"position\":1,\"name\":\"Portada\",\"item\":\"https:\/\/dentalabril.com\/ca\/clinica-dental-abril-a-barcelona\/\"},{\"@type\":\"ListItem\",\"position\":2,\"name\":\"Este mes de septiembre ha comenzado con una energ\u00eda especial.\"}]},{\"@type\":\"WebSite\",\"@id\":\"https:\/\/dentalabril.com\/#website\",\"url\":\"https:\/\/dentalabril.com\/\",\"name\":\"Cl\u00ednica Dental Abril\",\"description\":\"Tu cl\u00ednica dental en Barcelona\",\"publisher\":{\"@id\":\"https:\/\/dentalabril.com\/#organization\"},\"alternateName\":\"Dental Abril\",\"potentialAction\":[{\"@type\":\"SearchAction\",\"target\":{\"@type\":\"EntryPoint\",\"urlTemplate\":\"https:\/\/dentalabril.com\/?s={search_term_string}\"},\"query-input\":\"required name=search_term_string\"}],\"inLanguage\":\"ca\"},{\"@type\":\"Organization\",\"@id\":\"https:\/\/dentalabril.com\/#organization\",\"name\":\"Cl\u00ednica Dental Abril\",\"alternateName\":\"Dental Abril\",\"url\":\"https:\/\/dentalabril.com\/\",\"logo\":{\"@type\":\"ImageObject\",\"inLanguage\":\"ca\",\"@id\":\"https:\/\/dentalabril.com\/#\/schema\/logo\/image\/\",\"url\":\"https:\/\/dentalabril.com\/wp-content\/uploads\/2023\/03\/BBceBSJt_400x400.jpg\",\"contentUrl\":\"https:\/\/dentalabril.com\/wp-content\/uploads\/2023\/03\/BBceBSJt_400x400.jpg\",\"width\":400,\"height\":400,\"caption\":\"Cl\u00ednica Dental Abril\"},\"image\":{\"@id\":\"https:\/\/dentalabril.com\/#\/schema\/logo\/image\/\"},\"sameAs\":[\"https:\/\/www.facebook.com\/clinicadentalabril\/\",\"https:\/\/www.instagram.com\/dentalabril\/\"]},{\"@type\":\"Person\",\"@id\":\"https:\/\/dentalabril.com\/#\/schema\/person\/ee1913365f94afb96f63b997cada040c\",\"name\":\"Cl\u00ednica Dental Abril\",\"image\":{\"@type\":\"ImageObject\",\"inLanguage\":\"ca\",\"@id\":\"https:\/\/dentalabril.com\/#\/schema\/person\/image\/\",\"url\":\"https:\/\/secure.gravatar.com\/avatar\/d2f687b6c686a7cf6497784acd058e7d?s=96&d=mm&r=g\",\"contentUrl\":\"https:\/\/secure.gravatar.com\/avatar\/d2f687b6c686a7cf6497784acd058e7d?s=96&d=mm&r=g\",\"caption\":\"Cl\u00ednica Dental Abril\"},\"url\":\"https:\/\/dentalabril.com\/ca\/author\/clinicadentalabril\/\"}]}<\/script>\n<!-- \/ Yoast SEO plugin. -->","yoast_head_json":{"title":"Este mes de septiembre ha comenzado con una energ\u00eda especial. | Cl\u00ednica dental Abril","robots":{"index":"index","follow":"follow","max-snippet":"max-snippet:-1","max-image-preview":"max-image-preview:large","max-video-preview":"max-video-preview:-1"},"canonical":"https:\/\/dentalabril.com\/este-mes-de-septiembre-ha-comenzado-con-una-energia-especial\/","og_locale":"ca_ES","og_type":"article","og_title":"Este mes de septiembre ha comenzado con una energ\u00eda especial. | Cl\u00ednica dental Abril","og_description":"La nueva temporada iniciada ha llegado marcada por la alegr\u00eda del reencuentro, por una din\u00e1mica m\u00e1s relajada, aunque siempre tomando las medidas de precauci\u00f3n necesarias, pero la sensaci\u00f3n es que se abre un mejor panorama que nos permite relacionarnos de una manera m\u00e1s natural y cercana, ha disminuido ese temor y se han ido sorteando [&hellip;]","og_url":"https:\/\/dentalabril.com\/este-mes-de-septiembre-ha-comenzado-con-una-energia-especial\/","og_site_name":"Cl\u00ednica dental Abril","article_publisher":"https:\/\/www.facebook.com\/clinicadentalabril\/","article_published_time":"2022-09-28T11:49:28+00:00","article_modified_time":"2023-02-02T11:36:44+00:00","og_image":[{"width":950,"height":704,"url":"https:\/\/dentalabril.com\/wp-content\/uploads\/2022\/09\/equipo-clinica-dental-Barcelona.png","type":"image\/png"}],"author":"Cl\u00ednica Dental Abril","twitter_card":"summary_large_image","twitter_misc":{"Escrit per":"Cl\u00ednica Dental Abril"},"schema":{"@context":"https:\/\/schema.org","@graph":[{"@type":"Article","@id":"https:\/\/dentalabril.com\/este-mes-de-septiembre-ha-comenzado-con-una-energia-especial\/#article","isPartOf":{"@id":"https:\/\/dentalabril.com\/este-mes-de-septiembre-ha-comenzado-con-una-energia-especial\/"},"author":{"name":"Cl\u00ednica Dental Abril","@id":"https:\/\/dentalabril.com\/#\/schema\/person\/ee1913365f94afb96f63b997cada040c"},"headline":"Este mes de septiembre ha comenzado con una energ\u00eda especial.","datePublished":"2022-09-28T11:49:28+00:00","dateModified":"2023-02-02T11:36:44+00:00","mainEntityOfPage":{"@id":"https:\/\/dentalabril.com\/este-mes-de-septiembre-ha-comenzado-con-una-energia-especial\/"},"wordCount":104,"publisher":{"@id":"https:\/\/dentalabril.com\/#organization"},"image":{"@id":"https:\/\/dentalabril.com\/este-mes-de-septiembre-ha-comenzado-con-una-energia-especial\/#primaryimage"},"thumbnailUrl":"https:\/\/dentalabril.com\/wp-content\/uploads\/2022\/09\/equipo-clinica-dental-Barcelona.png","articleSection":["blog-tratamientos"],"inLanguage":"ca"},{"@type":"WebPage","@id":"https:\/\/dentalabril.com\/este-mes-de-septiembre-ha-comenzado-con-una-energia-especial\/","url":"https:\/\/dentalabril.com\/este-mes-de-septiembre-ha-comenzado-con-una-energia-especial\/","name":"Este mes de septiembre ha comenzado con una energ\u00eda especial. | Cl\u00ednica dental Abril","isPartOf":{"@id":"https:\/\/dentalabril.com\/#website"},"primaryImageOfPage":{"@id":"https:\/\/dentalabril.com\/este-mes-de-septiembre-ha-comenzado-con-una-energia-especial\/#primaryimage"},"image":{"@id":"https:\/\/dentalabril.com\/este-mes-de-septiembre-ha-comenzado-con-una-energia-especial\/#primaryimage"},"thumbnailUrl":"https:\/\/dentalabril.com\/wp-content\/uploads\/2022\/09\/equipo-clinica-dental-Barcelona.png","datePublished":"2022-09-28T11:49:28+00:00","dateModified":"2023-02-02T11:36:44+00:00","breadcrumb":{"@id":"https:\/\/dentalabril.com\/este-mes-de-septiembre-ha-comenzado-con-una-energia-especial\/#breadcrumb"},"inLanguage":"ca","potentialAction":[{"@type":"ReadAction","target":["https:\/\/dentalabril.com\/este-mes-de-septiembre-ha-comenzado-con-una-energia-especial\/"]}]},{"@type":"ImageObject","inLanguage":"ca","@id":"https:\/\/dentalabril.com\/este-mes-de-septiembre-ha-comenzado-con-una-energia-especial\/#primaryimage","url":"https:\/\/dentalabril.com\/wp-content\/uploads\/2022\/09\/equipo-clinica-dental-Barcelona.png","contentUrl":"https:\/\/dentalabril.com\/wp-content\/uploads\/2022\/09\/equipo-clinica-dental-Barcelona.png","width":950,"height":704,"caption":"equipo clinica dental Barcelona"},{"@type":"BreadcrumbList","@id":"https:\/\/dentalabril.com\/este-mes-de-septiembre-ha-comenzado-con-una-energia-especial\/#breadcrumb","itemListElement":[{"@type":"ListItem","position":1,"name":"Portada","item":"https:\/\/dentalabril.com\/ca\/clinica-dental-abril-a-barcelona\/"},{"@type":"ListItem","position":2,"name":"Este mes de septiembre ha comenzado con una energ\u00eda especial."}]},{"@type":"WebSite","@id":"https:\/\/dentalabril.com\/#website","url":"https:\/\/dentalabril.com\/","name":"Cl\u00ednica Dental Abril","description":"Tu cl\u00ednica dental en Barcelona","publisher":{"@id":"https:\/\/dentalabril.com\/#organization"},"alternateName":"Dental Abril","potentialAction":[{"@type":"SearchAction","target":{"@type":"EntryPoint","urlTemplate":"https:\/\/dentalabril.com\/?s={search_term_string}"},"query-input":"required name=search_term_string"}],"inLanguage":"ca"},{"@type":"Organization","@id":"https:\/\/dentalabril.com\/#organization","name":"Cl\u00ednica Dental Abril","alternateName":"Dental Abril","url":"https:\/\/dentalabril.com\/","logo":{"@type":"ImageObject","inLanguage":"ca","@id":"https:\/\/dentalabril.com\/#\/schema\/logo\/image\/","url":"https:\/\/dentalabril.com\/wp-content\/uploads\/2023\/03\/BBceBSJt_400x400.jpg","contentUrl":"https:\/\/dentalabril.com\/wp-content\/uploads\/2023\/03\/BBceBSJt_400x400.jpg","width":400,"height":400,"caption":"Cl\u00ednica Dental Abril"},"image":{"@id":"https:\/\/dentalabril.com\/#\/schema\/logo\/image\/"},"sameAs":["https:\/\/www.facebook.com\/clinicadentalabril\/","https:\/\/www.instagram.com\/dentalabril\/"]},{"@type":"Person","@id":"https:\/\/dentalabril.com\/#\/schema\/person\/ee1913365f94afb96f63b997cada040c","name":"Cl\u00ednica Dental Abril","image":{"@type":"ImageObject","inLanguage":"ca","@id":"https:\/\/dentalabril.com\/#\/schema\/person\/image\/","url":"https:\/\/secure.gravatar.com\/avatar\/d2f687b6c686a7cf6497784acd058e7d?s=96&d=mm&r=g","contentUrl":"https:\/\/secure.gravatar.com\/avatar\/d2f687b6c686a7cf6497784acd058e7d?s=96&d=mm&r=g","caption":"Cl\u00ednica Dental Abril"},"url":"https:\/\/dentalabril.com\/ca\/author\/clinicadentalabril\/"}]}},"_links":{"self":[{"href":"https:\/\/dentalabril.com\/ca\/wp-json\/wp\/v2\/posts\/9963"}],"collection":[{"href":"https:\/\/dentalabril.com\/ca\/wp-json\/wp\/v2\/posts"}],"about":[{"href":"https:\/\/dentalabril.com\/ca\/wp-json\/wp\/v2\/types\/post"}],"author":[{"embeddable":true,"href":"https:\/\/dentalabril.com\/ca\/wp-json\/wp\/v2\/users\/4"}],"replies":[{"embeddable":true,"href":"https:\/\/dentalabril.com\/ca\/wp-json\/wp\/v2\/comments?post=9963"}],"version-history":[{"count":0,"href":"https:\/\/dentalabril.com\/ca\/wp-json\/wp\/v2\/posts\/9963\/revisions"}],"wp:featuredmedia":[{"embeddable":true,"href":"https:\/\/dentalabril.com\/ca\/wp-json\/wp\/v2\/media\/9966"}],"wp:attachment":[{"href":"https:\/\/dentalabril.com\/ca\/wp-json\/wp\/v2\/media?parent=9963"}],"wp:term":[{"taxonomy":"category","embeddable":true,"href":"https:\/\/dentalabril.com\/ca\/wp-json\/wp\/v2\/categories?post=9963"},{"taxonomy":"post_tag","embeddable":true,"href":"https:\/\/dentalabril.com\/ca\/wp-json\/wp\/v2\/tags?post=9963"}],"curies":[{"name":"wp","href":"https:\/\/api.w.org\/{rel}","templated":true}]}}