{"id":905,"date":"2022-03-29T09:08:55","date_gmt":"2022-03-29T09:08:55","guid":{"rendered":"http:\/\/dentalabril.com\/?p=905"},"modified":"2022-07-25T08:31:58","modified_gmt":"2022-07-25T08:31:58","slug":"ortodoncia-invisible-en-dental-abril","status":"publish","type":"post","link":"https:\/\/dentalabril.com\/ca\/ortodoncia-invisible-en-dental-abril\/","title":{"rendered":"ORTODONCIA INVISIBLE EN DENTAL ABRIL"},"content":{"rendered":"<p><img fetchpriority=\"high\" decoding=\"async\" class=\"alignnone size-full wp-image-919\" src=\"http:\/\/dentalabril.com\/wp-content\/uploads\/2016\/06\/invisalign2.jpg\" alt=\"invisalign2\" width=\"650\" height=\"172\" srcset=\"https:\/\/dentalabril.com\/wp-content\/uploads\/2016\/06\/invisalign2.jpg 650w, https:\/\/dentalabril.com\/wp-content\/uploads\/2016\/06\/invisalign2-300x79.jpg 300w, https:\/\/dentalabril.com\/wp-content\/uploads\/2016\/06\/invisalign2-636x168.jpg 636w, https:\/\/dentalabril.com\/wp-content\/uploads\/2016\/06\/invisalign2-320x85.jpg 320w, https:\/\/dentalabril.com\/wp-content\/uploads\/2016\/06\/invisalign2-239x63.jpg 239w\" sizes=\"(max-width: 650px) 100vw, 650px\" \/><br \/>\nEn Cl\u00ednica Dental Abril algunos de nuestros profesionales tambi\u00e9n se dedican al campo de la docencia, siendo dictantes en cursos de formaci\u00f3n para profesionales y personal auxiliar.<br \/>\nSin duda el \u00e1rea docente es uno de los pilares para estar al d\u00eda y ser un referente en nuestra cl\u00ednica dental.<br \/>\nEl Dr. Julio Gea Guiral, Ortodoncista de Cl\u00ednica Dental Abril desde hace m\u00e1s de 18 a\u00f1os, contin\u00faa nuevamente con los ciclos en la sede de AHIADEC (Asociaci\u00f3n de higienIstas dentales de Catalunya), junto a otros profesionales, un Curso Avanzado de Ortodoncia, dirigido a higienistas y auxiliares que se desarrollar\u00e1 en 6 m\u00f3dulos, alternando teor\u00eda y pr\u00e1ctica, y que permitir\u00e1 ampliar conocimientos esenciales en la gesti\u00f3n del paciente de ortodoncia.<br \/>\nLa formaci\u00f3n del personal auxiliar es b\u00e1sica y de gran ayuda, tanto para el profesional como para los pacientes. Es sabido que la ortodoncia ha avanzado mucho en cuanto a t\u00e9cnicas, y es importante una puesta al d\u00eda, desde la ortodoncia interceptiva, aparatolog\u00eda funcional, aparatolog\u00eda fija y ortodoncia invisible.<br \/>\nHoy d\u00eda pacientes de todas las edades consultan por ortodoncia, quieren alinear sus dientes, le dan importancia a la est\u00e9tica y quieren valorar todas las posibilidades que podamos ofrecerles.<br \/>\nSin lugar a dudas la revoluci\u00f3n de estos \u00faltimos tiempos es todo lo referente a ortodoncia invisible, tecnolog\u00eda e innovaci\u00f3n trabajando en conjunto, alineadores que aplican fuerzas precisas sobre los dientes para desplazarlos al lugar correcto, es muy c\u00f3modo, higi\u00e9nico y est\u00e9tico.<br \/>\nHay otras opciones como el sistema Damon, que permite movimientos suaves, con brackets muy peque\u00f1os y en la mayor\u00eda de los casos sin necesidad de extracciones, lo que supone una ventaja muy importante respecto a los tratamientos que se hac\u00edan antes.<\/p>\n<p><img decoding=\"async\" class=\"size-full wp-image-918 alignnone\" src=\"http:\/\/dentalabril.com\/wp-content\/uploads\/2016\/06\/invisalign.jpg\" alt=\"invisalign\" width=\"509\" height=\"427\" srcset=\"https:\/\/dentalabril.com\/wp-content\/uploads\/2016\/06\/invisalign.jpg 509w, https:\/\/dentalabril.com\/wp-content\/uploads\/2016\/06\/invisalign-300x252.jpg 300w, https:\/\/dentalabril.com\/wp-content\/uploads\/2016\/06\/invisalign-320x268.jpg 320w, https:\/\/dentalabril.com\/wp-content\/uploads\/2016\/06\/invisalign-239x200.jpg 239w\" sizes=\"(max-width: 509px) 100vw, 509px\" \/><br \/>\nEl Dr. Julio Gea Guiral, licenciado en Medicina y Odontolog\u00eda, practica la Ortodoncia en exclusiva y en cada paciente valora todas las posibilidades de tratamiento , realizando los estudios correspondientes para decidir cu\u00e1l es la mejor soluci\u00f3n.<br \/>\n\u00b7 Postgrado de Ortodoncia.<br \/>\n\u00b7 Profesor Colaborador en Postgrado de Ortodoncia Centro Ladent.<br \/>\n\u00b7 M\u00e1ster en Sistema Damon.<br \/>\n\u00b7 Miembro afiliado a la Sociedad Espa\u00f1ola de Ortodoncia (SEDO) desde el a\u00f1o 2003.<\/p>\n<p>&nbsp;<\/p>\n","protected":false},"excerpt":{"rendered":"<p>En Cl\u00ednica Dental Abril algunos de nuestros profesionales tambi\u00e9n se dedican al campo de la docencia, siendo dictantes en cursos de formaci\u00f3n para profesionales y personal auxiliar. Sin duda el \u00e1rea docente es uno de los pilares para estar al d\u00eda y ser un referente en nuestra cl\u00ednica dental. El Dr. Julio Gea Guiral, Ortodoncista [&hellip;]<\/p>\n","protected":false},"author":4,"featured_media":919,"comment_status":"open","ping_status":"closed","sticky":false,"template":"","format":"standard","meta":{"_joinchat":[],"footnotes":"","_wpscppro_custom_social_share_image":0,"_facebook_share_type":"","_twitter_share_type":"","_linkedin_share_type":"","_pinterest_share_type":"","_linkedin_share_type_page":"","_instagram_share_type":"","_medium_share_type":"","_selected_social_profile":[]},"categories":[1],"tags":[],"class_list":{"0":"post-905","1":"post","2":"type-post","3":"status-publish","4":"format-standard","5":"has-post-thumbnail","7":"category-sin-categoria"},"yoast_head":"<!-- This site is optimized with the Yoast SEO plugin v23.1 - https:\/\/yoast.com\/wordpress\/plugins\/seo\/ -->\n<title>ORTODONCIA INVISIBLE EN DENTAL ABRIL | Cl\u00ednica dental Abril<\/title>\n<meta name=\"robots\" content=\"index, follow, max-snippet:-1, max-image-preview:large, max-video-preview:-1\" \/>\n<link rel=\"canonical\" href=\"https:\/\/dentalabril.com\/ortodoncia-invisible-en-dental-abril\/\" \/>\n<meta property=\"og:locale\" content=\"ca_ES\" \/>\n<meta property=\"og:type\" content=\"article\" \/>\n<meta property=\"og:title\" content=\"ORTODONCIA INVISIBLE EN DENTAL ABRIL | Cl\u00ednica dental Abril\" \/>\n<meta property=\"og:description\" content=\"En Cl\u00ednica Dental Abril algunos de nuestros profesionales tambi\u00e9n se dedican al campo de la docencia, siendo dictantes en cursos de formaci\u00f3n para profesionales y personal auxiliar. Sin duda el \u00e1rea docente es uno de los pilares para estar al d\u00eda y ser un referente en nuestra cl\u00ednica dental. El Dr. Julio Gea Guiral, Ortodoncista [&hellip;]\" \/>\n<meta property=\"og:url\" content=\"https:\/\/dentalabril.com\/ortodoncia-invisible-en-dental-abril\/\" \/>\n<meta property=\"og:site_name\" content=\"Cl\u00ednica dental Abril\" \/>\n<meta property=\"article:publisher\" content=\"https:\/\/www.facebook.com\/clinicadentalabril\/\" \/>\n<meta property=\"article:published_time\" content=\"2022-03-29T09:08:55+00:00\" \/>\n<meta property=\"article:modified_time\" content=\"2022-07-25T08:31:58+00:00\" \/>\n<meta property=\"og:image\" content=\"https:\/\/dentalabril.com\/wp-content\/uploads\/2016\/06\/invisalign2.jpg\" \/>\n\t<meta property=\"og:image:width\" content=\"650\" \/>\n\t<meta property=\"og:image:height\" content=\"172\" \/>\n\t<meta property=\"og:image:type\" content=\"image\/jpeg\" \/>\n<meta name=\"author\" content=\"Cl\u00ednica Dental Abril\" \/>\n<meta name=\"twitter:card\" content=\"summary_large_image\" \/>\n<meta name=\"twitter:label1\" content=\"Escrit per\" \/>\n\t<meta name=\"twitter:data1\" content=\"Cl\u00ednica Dental Abril\" \/>\n\t<meta name=\"twitter:label2\" content=\"Temps estimat de lectura\" \/>\n\t<meta name=\"twitter:data2\" content=\"2 minuts\" \/>\n<script type=\"application\/ld+json\" class=\"yoast-schema-graph\">{\"@context\":\"https:\/\/schema.org\",\"@graph\":[{\"@type\":\"Article\",\"@id\":\"https:\/\/dentalabril.com\/ortodoncia-invisible-en-dental-abril\/#article\",\"isPartOf\":{\"@id\":\"https:\/\/dentalabril.com\/ortodoncia-invisible-en-dental-abril\/\"},\"author\":{\"name\":\"Cl\u00ednica Dental Abril\",\"@id\":\"https:\/\/dentalabril.com\/#\/schema\/person\/ee1913365f94afb96f63b997cada040c\"},\"headline\":\"ORTODONCIA INVISIBLE EN DENTAL ABRIL\",\"datePublished\":\"2022-03-29T09:08:55+00:00\",\"dateModified\":\"2022-07-25T08:31:58+00:00\",\"mainEntityOfPage\":{\"@id\":\"https:\/\/dentalabril.com\/ortodoncia-invisible-en-dental-abril\/\"},\"wordCount\":383,\"commentCount\":0,\"publisher\":{\"@id\":\"https:\/\/dentalabril.com\/#organization\"},\"image\":{\"@id\":\"https:\/\/dentalabril.com\/ortodoncia-invisible-en-dental-abril\/#primaryimage\"},\"thumbnailUrl\":\"https:\/\/dentalabril.com\/wp-content\/uploads\/2016\/06\/invisalign2.jpg\",\"articleSection\":[\"blog-tratamientos\"],\"inLanguage\":\"ca\",\"potentialAction\":[{\"@type\":\"CommentAction\",\"name\":\"Comment\",\"target\":[\"https:\/\/dentalabril.com\/ortodoncia-invisible-en-dental-abril\/#respond\"]}]},{\"@type\":\"WebPage\",\"@id\":\"https:\/\/dentalabril.com\/ortodoncia-invisible-en-dental-abril\/\",\"url\":\"https:\/\/dentalabril.com\/ortodoncia-invisible-en-dental-abril\/\",\"name\":\"ORTODONCIA INVISIBLE EN DENTAL ABRIL | Cl\u00ednica dental Abril\",\"isPartOf\":{\"@id\":\"https:\/\/dentalabril.com\/#website\"},\"primaryImageOfPage\":{\"@id\":\"https:\/\/dentalabril.com\/ortodoncia-invisible-en-dental-abril\/#primaryimage\"},\"image\":{\"@id\":\"https:\/\/dentalabril.com\/ortodoncia-invisible-en-dental-abril\/#primaryimage\"},\"thumbnailUrl\":\"https:\/\/dentalabril.com\/wp-content\/uploads\/2016\/06\/invisalign2.jpg\",\"datePublished\":\"2022-03-29T09:08:55+00:00\",\"dateModified\":\"2022-07-25T08:31:58+00:00\",\"breadcrumb\":{\"@id\":\"https:\/\/dentalabril.com\/ortodoncia-invisible-en-dental-abril\/#breadcrumb\"},\"inLanguage\":\"ca\",\"potentialAction\":[{\"@type\":\"ReadAction\",\"target\":[\"https:\/\/dentalabril.com\/ortodoncia-invisible-en-dental-abril\/\"]}]},{\"@type\":\"ImageObject\",\"inLanguage\":\"ca\",\"@id\":\"https:\/\/dentalabril.com\/ortodoncia-invisible-en-dental-abril\/#primaryimage\",\"url\":\"https:\/\/dentalabril.com\/wp-content\/uploads\/2016\/06\/invisalign2.jpg\",\"contentUrl\":\"https:\/\/dentalabril.com\/wp-content\/uploads\/2016\/06\/invisalign2.jpg\",\"width\":650,\"height\":172},{\"@type\":\"BreadcrumbList\",\"@id\":\"https:\/\/dentalabril.com\/ortodoncia-invisible-en-dental-abril\/#breadcrumb\",\"itemListElement\":[{\"@type\":\"ListItem\",\"position\":1,\"name\":\"Portada\",\"item\":\"https:\/\/dentalabril.com\/ca\/clinica-dental-abril-a-barcelona\/\"},{\"@type\":\"ListItem\",\"position\":2,\"name\":\"ORTODONCIA INVISIBLE EN DENTAL ABRIL\"}]},{\"@type\":\"WebSite\",\"@id\":\"https:\/\/dentalabril.com\/#website\",\"url\":\"https:\/\/dentalabril.com\/\",\"name\":\"Cl\u00ednica Dental Abril\",\"description\":\"Tu cl\u00ednica dental en Barcelona\",\"publisher\":{\"@id\":\"https:\/\/dentalabril.com\/#organization\"},\"alternateName\":\"Dental Abril\",\"potentialAction\":[{\"@type\":\"SearchAction\",\"target\":{\"@type\":\"EntryPoint\",\"urlTemplate\":\"https:\/\/dentalabril.com\/?s={search_term_string}\"},\"query-input\":\"required name=search_term_string\"}],\"inLanguage\":\"ca\"},{\"@type\":\"Organization\",\"@id\":\"https:\/\/dentalabril.com\/#organization\",\"name\":\"Cl\u00ednica Dental Abril\",\"alternateName\":\"Dental Abril\",\"url\":\"https:\/\/dentalabril.com\/\",\"logo\":{\"@type\":\"ImageObject\",\"inLanguage\":\"ca\",\"@id\":\"https:\/\/dentalabril.com\/#\/schema\/logo\/image\/\",\"url\":\"https:\/\/dentalabril.com\/wp-content\/uploads\/2023\/03\/BBceBSJt_400x400.jpg\",\"contentUrl\":\"https:\/\/dentalabril.com\/wp-content\/uploads\/2023\/03\/BBceBSJt_400x400.jpg\",\"width\":400,\"height\":400,\"caption\":\"Cl\u00ednica Dental Abril\"},\"image\":{\"@id\":\"https:\/\/dentalabril.com\/#\/schema\/logo\/image\/\"},\"sameAs\":[\"https:\/\/www.facebook.com\/clinicadentalabril\/\",\"https:\/\/www.instagram.com\/dentalabril\/\"]},{\"@type\":\"Person\",\"@id\":\"https:\/\/dentalabril.com\/#\/schema\/person\/ee1913365f94afb96f63b997cada040c\",\"name\":\"Cl\u00ednica Dental Abril\",\"image\":{\"@type\":\"ImageObject\",\"inLanguage\":\"ca\",\"@id\":\"https:\/\/dentalabril.com\/#\/schema\/person\/image\/\",\"url\":\"https:\/\/secure.gravatar.com\/avatar\/d2f687b6c686a7cf6497784acd058e7d?s=96&d=mm&r=g\",\"contentUrl\":\"https:\/\/secure.gravatar.com\/avatar\/d2f687b6c686a7cf6497784acd058e7d?s=96&d=mm&r=g\",\"caption\":\"Cl\u00ednica Dental Abril\"},\"url\":\"https:\/\/dentalabril.com\/ca\/author\/clinicadentalabril\/\"}]}<\/script>\n<!-- \/ Yoast SEO plugin. -->","yoast_head_json":{"title":"ORTODONCIA INVISIBLE EN DENTAL ABRIL | Cl\u00ednica dental Abril","robots":{"index":"index","follow":"follow","max-snippet":"max-snippet:-1","max-image-preview":"max-image-preview:large","max-video-preview":"max-video-preview:-1"},"canonical":"https:\/\/dentalabril.com\/ortodoncia-invisible-en-dental-abril\/","og_locale":"ca_ES","og_type":"article","og_title":"ORTODONCIA INVISIBLE EN DENTAL ABRIL | Cl\u00ednica dental Abril","og_description":"En Cl\u00ednica Dental Abril algunos de nuestros profesionales tambi\u00e9n se dedican al campo de la docencia, siendo dictantes en cursos de formaci\u00f3n para profesionales y personal auxiliar. Sin duda el \u00e1rea docente es uno de los pilares para estar al d\u00eda y ser un referente en nuestra cl\u00ednica dental. El Dr. Julio Gea Guiral, Ortodoncista [&hellip;]","og_url":"https:\/\/dentalabril.com\/ortodoncia-invisible-en-dental-abril\/","og_site_name":"Cl\u00ednica dental Abril","article_publisher":"https:\/\/www.facebook.com\/clinicadentalabril\/","article_published_time":"2022-03-29T09:08:55+00:00","article_modified_time":"2022-07-25T08:31:58+00:00","og_image":[{"width":650,"height":172,"url":"https:\/\/dentalabril.com\/wp-content\/uploads\/2016\/06\/invisalign2.jpg","type":"image\/jpeg"}],"author":"Cl\u00ednica Dental Abril","twitter_card":"summary_large_image","twitter_misc":{"Escrit per":"Cl\u00ednica Dental Abril","Temps estimat de lectura":"2 minuts"},"schema":{"@context":"https:\/\/schema.org","@graph":[{"@type":"Article","@id":"https:\/\/dentalabril.com\/ortodoncia-invisible-en-dental-abril\/#article","isPartOf":{"@id":"https:\/\/dentalabril.com\/ortodoncia-invisible-en-dental-abril\/"},"author":{"name":"Cl\u00ednica Dental Abril","@id":"https:\/\/dentalabril.com\/#\/schema\/person\/ee1913365f94afb96f63b997cada040c"},"headline":"ORTODONCIA INVISIBLE EN DENTAL ABRIL","datePublished":"2022-03-29T09:08:55+00:00","dateModified":"2022-07-25T08:31:58+00:00","mainEntityOfPage":{"@id":"https:\/\/dentalabril.com\/ortodoncia-invisible-en-dental-abril\/"},"wordCount":383,"commentCount":0,"publisher":{"@id":"https:\/\/dentalabril.com\/#organization"},"image":{"@id":"https:\/\/dentalabril.com\/ortodoncia-invisible-en-dental-abril\/#primaryimage"},"thumbnailUrl":"https:\/\/dentalabril.com\/wp-content\/uploads\/2016\/06\/invisalign2.jpg","articleSection":["blog-tratamientos"],"inLanguage":"ca","potentialAction":[{"@type":"CommentAction","name":"Comment","target":["https:\/\/dentalabril.com\/ortodoncia-invisible-en-dental-abril\/#respond"]}]},{"@type":"WebPage","@id":"https:\/\/dentalabril.com\/ortodoncia-invisible-en-dental-abril\/","url":"https:\/\/dentalabril.com\/ortodoncia-invisible-en-dental-abril\/","name":"ORTODONCIA INVISIBLE EN DENTAL ABRIL | Cl\u00ednica dental Abril","isPartOf":{"@id":"https:\/\/dentalabril.com\/#website"},"primaryImageOfPage":{"@id":"https:\/\/dentalabril.com\/ortodoncia-invisible-en-dental-abril\/#primaryimage"},"image":{"@id":"https:\/\/dentalabril.com\/ortodoncia-invisible-en-dental-abril\/#primaryimage"},"thumbnailUrl":"https:\/\/dentalabril.com\/wp-content\/uploads\/2016\/06\/invisalign2.jpg","datePublished":"2022-03-29T09:08:55+00:00","dateModified":"2022-07-25T08:31:58+00:00","breadcrumb":{"@id":"https:\/\/dentalabril.com\/ortodoncia-invisible-en-dental-abril\/#breadcrumb"},"inLanguage":"ca","potentialAction":[{"@type":"ReadAction","target":["https:\/\/dentalabril.com\/ortodoncia-invisible-en-dental-abril\/"]}]},{"@type":"ImageObject","inLanguage":"ca","@id":"https:\/\/dentalabril.com\/ortodoncia-invisible-en-dental-abril\/#primaryimage","url":"https:\/\/dentalabril.com\/wp-content\/uploads\/2016\/06\/invisalign2.jpg","contentUrl":"https:\/\/dentalabril.com\/wp-content\/uploads\/2016\/06\/invisalign2.jpg","width":650,"height":172},{"@type":"BreadcrumbList","@id":"https:\/\/dentalabril.com\/ortodoncia-invisible-en-dental-abril\/#breadcrumb","itemListElement":[{"@type":"ListItem","position":1,"name":"Portada","item":"https:\/\/dentalabril.com\/ca\/clinica-dental-abril-a-barcelona\/"},{"@type":"ListItem","position":2,"name":"ORTODONCIA INVISIBLE EN DENTAL ABRIL"}]},{"@type":"WebSite","@id":"https:\/\/dentalabril.com\/#website","url":"https:\/\/dentalabril.com\/","name":"Cl\u00ednica Dental Abril","description":"Tu cl\u00ednica dental en Barcelona","publisher":{"@id":"https:\/\/dentalabril.com\/#organization"},"alternateName":"Dental Abril","potentialAction":[{"@type":"SearchAction","target":{"@type":"EntryPoint","urlTemplate":"https:\/\/dentalabril.com\/?s={search_term_string}"},"query-input":"required name=search_term_string"}],"inLanguage":"ca"},{"@type":"Organization","@id":"https:\/\/dentalabril.com\/#organization","name":"Cl\u00ednica Dental Abril","alternateName":"Dental Abril","url":"https:\/\/dentalabril.com\/","logo":{"@type":"ImageObject","inLanguage":"ca","@id":"https:\/\/dentalabril.com\/#\/schema\/logo\/image\/","url":"https:\/\/dentalabril.com\/wp-content\/uploads\/2023\/03\/BBceBSJt_400x400.jpg","contentUrl":"https:\/\/dentalabril.com\/wp-content\/uploads\/2023\/03\/BBceBSJt_400x400.jpg","width":400,"height":400,"caption":"Cl\u00ednica Dental Abril"},"image":{"@id":"https:\/\/dentalabril.com\/#\/schema\/logo\/image\/"},"sameAs":["https:\/\/www.facebook.com\/clinicadentalabril\/","https:\/\/www.instagram.com\/dentalabril\/"]},{"@type":"Person","@id":"https:\/\/dentalabril.com\/#\/schema\/person\/ee1913365f94afb96f63b997cada040c","name":"Cl\u00ednica Dental Abril","image":{"@type":"ImageObject","inLanguage":"ca","@id":"https:\/\/dentalabril.com\/#\/schema\/person\/image\/","url":"https:\/\/secure.gravatar.com\/avatar\/d2f687b6c686a7cf6497784acd058e7d?s=96&d=mm&r=g","contentUrl":"https:\/\/secure.gravatar.com\/avatar\/d2f687b6c686a7cf6497784acd058e7d?s=96&d=mm&r=g","caption":"Cl\u00ednica Dental Abril"},"url":"https:\/\/dentalabril.com\/ca\/author\/clinicadentalabril\/"}]}},"_links":{"self":[{"href":"https:\/\/dentalabril.com\/ca\/wp-json\/wp\/v2\/posts\/905"}],"collection":[{"href":"https:\/\/dentalabril.com\/ca\/wp-json\/wp\/v2\/posts"}],"about":[{"href":"https:\/\/dentalabril.com\/ca\/wp-json\/wp\/v2\/types\/post"}],"author":[{"embeddable":true,"href":"https:\/\/dentalabril.com\/ca\/wp-json\/wp\/v2\/users\/4"}],"replies":[{"embeddable":true,"href":"https:\/\/dentalabril.com\/ca\/wp-json\/wp\/v2\/comments?post=905"}],"version-history":[{"count":0,"href":"https:\/\/dentalabril.com\/ca\/wp-json\/wp\/v2\/posts\/905\/revisions"}],"wp:featuredmedia":[{"embeddable":true,"href":"https:\/\/dentalabril.com\/ca\/wp-json\/wp\/v2\/media\/919"}],"wp:attachment":[{"href":"https:\/\/dentalabril.com\/ca\/wp-json\/wp\/v2\/media?parent=905"}],"wp:term":[{"taxonomy":"category","embeddable":true,"href":"https:\/\/dentalabril.com\/ca\/wp-json\/wp\/v2\/categories?post=905"},{"taxonomy":"post_tag","embeddable":true,"href":"https:\/\/dentalabril.com\/ca\/wp-json\/wp\/v2\/tags?post=905"}],"curies":[{"name":"wp","href":"https:\/\/api.w.org\/{rel}","templated":true}]}}