{"id":1852,"date":"2021-12-02T11:48:54","date_gmt":"2021-12-02T11:48:54","guid":{"rendered":"https:\/\/dentalabril.com\/?p=1852"},"modified":"2022-07-21T08:39:58","modified_gmt":"2022-07-21T08:39:58","slug":"sobre-la-halitosis-mito-o-verdad","status":"publish","type":"post","link":"https:\/\/dentalabril.com\/ca\/sobre-la-halitosis-mito-o-verdad\/","title":{"rendered":"Sobre la halitosis, mito o verdad"},"content":{"rendered":"<p>La halitosis, o llamado mal aliento, podr\u00e1s diferenciarlo del &#8220;aliento que tienes al levantar&#8221; ya que tras lavarte los dientes, desayunar o comer un caramelo no desaparece. La halitosis puede convertirse en un problema serio si no se trata o no se conocen sus causas y perdura en el tiempo. A continuaci\u00f3n respondemos las preguntas m\u00e1s comunes que nuestros pacientes nos trasladan a diario en la consulta.<\/p>\n<ul>\n<li aria-level=\"1\"><b>\u00bfPor qu\u00e9 se produce la halitosis?<\/b><\/li>\n<\/ul>\n<p><span style=\"font-weight: 400;\">Existen varios motivos que provocan el mal aliento. El 90% de los casos proviene de un origen oral y la mayor\u00eda tienen que ver con razones bacterianas. Esto significa que una higiene bucal inadecuada provoca la descomposici\u00f3n bacteriana que provoca el mal olor. Las infecciones dentales o de las enc\u00edas tambi\u00e9n tienen que ver con la halitosis, mientras que el consumo de tabaco, alcohol u otros elementos de sabor fuerte tambi\u00e9n provocan un mal olor considerable.<\/span><\/p>\n<ul>\n<li aria-level=\"1\"><b>\u00bfEs posible eliminar la halitosis?<\/b><\/li>\n<\/ul>\n<p><span style=\"font-weight: 400;\">En caso que su origen sea oral un buen aseo de la boca (incluyendo siempre la lengua) ayudar\u00e1 a prevenir la proliferaci\u00f3n de las bacterias que provocan el mal olor. La utilizaci\u00f3n del hilo dental tambi\u00e9n ayudar\u00e1. En caso de tener un origen no-oral ser\u00e1 necesario seguir un tratamiento odonol\u00f3gico o m\u00e9dico. Actualmente se resuelven un m\u00e1s de un 96% de estos casos.\u00a0<\/span><\/p>\n<ul>\n<li aria-level=\"1\"><b>\u00bfC\u00f3mo puedo evitarla?<\/b><\/li>\n<\/ul>\n<p><span style=\"font-weight: 400;\">Solo hace falta modificar ciertos h\u00e1bitos como el consumo de bebidas alcoholicas o tabaco y la injerencia de alimentos como el \u00e1cilo, la cebolla, el br\u00f3coli, etc. Las dietas rigurosas tambi\u00e9n pueden afectar a nuestro cuerpo en este aspecto. Por \u00faltimo, es normal padecer un grado de halitosis matutina ya que es el resultado de un proceso normal en el ser humano. El hecho de mantener una buena higiene antes de ir a dormir nos ayudar\u00e1 a neutralizar este mal olor. Tambi\u00e9n nos ayudar\u00e1 beber mucha agua.<\/span><\/p>\n<ul>\n<li aria-level=\"1\"><b>\u00bfC\u00f3mo s\u00e9 si padezco halitosis?<\/b><\/li>\n<\/ul>\n<p><span style=\"font-weight: 400;\">Normalmente el paciente no detecta su problema \u00e9l mismo ya que nuestra nariz se vuelve inmune a los olores que nos acompa\u00f1an a nosotros. Normalmente nos damos cuenta del problema por la reacci\u00f3n de la gente que nos rodea o por un confidente que nos lo hace saber. Para evitar este mal trago existen hal\u00edmetros, unos aparatos que sirven para cuantificar el mal aliento.\u00a0<\/span><\/p>\n","protected":false},"excerpt":{"rendered":"<p>La halitosis, o llamado mal aliento, podr\u00e1s diferenciarlo del &#8220;aliento que tienes al levantar&#8221; ya que tras lavarte los dientes, desayunar o comer un caramelo no desaparece. La halitosis puede convertirse en un problema serio si no se trata o no se conocen sus causas y perdura en el tiempo. A continuaci\u00f3n respondemos las preguntas [&hellip;]<\/p>\n","protected":false},"author":4,"featured_media":1853,"comment_status":"closed","ping_status":"closed","sticky":false,"template":"","format":"standard","meta":{"_joinchat":[],"footnotes":"","_wpscppro_custom_social_share_image":0,"_facebook_share_type":"","_twitter_share_type":"","_linkedin_share_type":"","_pinterest_share_type":"","_linkedin_share_type_page":"","_instagram_share_type":"","_medium_share_type":"","_selected_social_profile":[]},"categories":[1],"tags":[],"class_list":{"0":"post-1852","1":"post","2":"type-post","3":"status-publish","4":"format-standard","5":"has-post-thumbnail","7":"category-sin-categoria"},"yoast_head":"<!-- This site is optimized with the Yoast SEO plugin v23.1 - https:\/\/yoast.com\/wordpress\/plugins\/seo\/ -->\n<title>Sobre la halitosis, mito o verdad | Cl\u00ednica dental Abril<\/title>\n<meta name=\"robots\" content=\"index, follow, max-snippet:-1, max-image-preview:large, max-video-preview:-1\" \/>\n<link rel=\"canonical\" href=\"https:\/\/dentalabril.com\/sobre-la-halitosis-mito-o-verdad\/\" \/>\n<meta property=\"og:locale\" content=\"ca_ES\" \/>\n<meta property=\"og:type\" content=\"article\" \/>\n<meta property=\"og:title\" content=\"Sobre la halitosis, mito o verdad | Cl\u00ednica dental Abril\" \/>\n<meta property=\"og:description\" content=\"La halitosis, o llamado mal aliento, podr\u00e1s diferenciarlo del &#8220;aliento que tienes al levantar&#8221; ya que tras lavarte los dientes, desayunar o comer un caramelo no desaparece. La halitosis puede convertirse en un problema serio si no se trata o no se conocen sus causas y perdura en el tiempo. A continuaci\u00f3n respondemos las preguntas [&hellip;]\" \/>\n<meta property=\"og:url\" content=\"https:\/\/dentalabril.com\/sobre-la-halitosis-mito-o-verdad\/\" \/>\n<meta property=\"og:site_name\" content=\"Cl\u00ednica dental Abril\" \/>\n<meta property=\"article:publisher\" content=\"https:\/\/www.facebook.com\/clinicadentalabril\/\" \/>\n<meta property=\"article:published_time\" content=\"2021-12-02T11:48:54+00:00\" \/>\n<meta property=\"article:modified_time\" content=\"2022-07-21T08:39:58+00:00\" \/>\n<meta property=\"og:image\" content=\"https:\/\/dentalabril.com\/wp-content\/uploads\/2021\/11\/halitosis-y-mal-aliento.jpg\" \/>\n\t<meta property=\"og:image:width\" content=\"936\" \/>\n\t<meta property=\"og:image:height\" content=\"623\" \/>\n\t<meta property=\"og:image:type\" content=\"image\/jpeg\" \/>\n<meta name=\"author\" content=\"Cl\u00ednica Dental Abril\" \/>\n<meta name=\"twitter:card\" content=\"summary_large_image\" \/>\n<meta name=\"twitter:label1\" content=\"Escrit per\" \/>\n\t<meta name=\"twitter:data1\" content=\"Cl\u00ednica Dental Abril\" \/>\n\t<meta name=\"twitter:label2\" content=\"Temps estimat de lectura\" \/>\n\t<meta name=\"twitter:data2\" content=\"2 minuts\" \/>\n<script type=\"application\/ld+json\" class=\"yoast-schema-graph\">{\"@context\":\"https:\/\/schema.org\",\"@graph\":[{\"@type\":\"Article\",\"@id\":\"https:\/\/dentalabril.com\/sobre-la-halitosis-mito-o-verdad\/#article\",\"isPartOf\":{\"@id\":\"https:\/\/dentalabril.com\/sobre-la-halitosis-mito-o-verdad\/\"},\"author\":{\"name\":\"Cl\u00ednica Dental Abril\",\"@id\":\"https:\/\/dentalabril.com\/#\/schema\/person\/ee1913365f94afb96f63b997cada040c\"},\"headline\":\"Sobre la halitosis, mito o verdad\",\"datePublished\":\"2021-12-02T11:48:54+00:00\",\"dateModified\":\"2022-07-21T08:39:58+00:00\",\"mainEntityOfPage\":{\"@id\":\"https:\/\/dentalabril.com\/sobre-la-halitosis-mito-o-verdad\/\"},\"wordCount\":403,\"publisher\":{\"@id\":\"https:\/\/dentalabril.com\/#organization\"},\"image\":{\"@id\":\"https:\/\/dentalabril.com\/sobre-la-halitosis-mito-o-verdad\/#primaryimage\"},\"thumbnailUrl\":\"https:\/\/dentalabril.com\/wp-content\/uploads\/2021\/11\/halitosis-y-mal-aliento.jpg\",\"articleSection\":[\"blog-tratamientos\"],\"inLanguage\":\"ca\"},{\"@type\":\"WebPage\",\"@id\":\"https:\/\/dentalabril.com\/sobre-la-halitosis-mito-o-verdad\/\",\"url\":\"https:\/\/dentalabril.com\/sobre-la-halitosis-mito-o-verdad\/\",\"name\":\"Sobre la halitosis, mito o verdad | Cl\u00ednica dental Abril\",\"isPartOf\":{\"@id\":\"https:\/\/dentalabril.com\/#website\"},\"primaryImageOfPage\":{\"@id\":\"https:\/\/dentalabril.com\/sobre-la-halitosis-mito-o-verdad\/#primaryimage\"},\"image\":{\"@id\":\"https:\/\/dentalabril.com\/sobre-la-halitosis-mito-o-verdad\/#primaryimage\"},\"thumbnailUrl\":\"https:\/\/dentalabril.com\/wp-content\/uploads\/2021\/11\/halitosis-y-mal-aliento.jpg\",\"datePublished\":\"2021-12-02T11:48:54+00:00\",\"dateModified\":\"2022-07-21T08:39:58+00:00\",\"breadcrumb\":{\"@id\":\"https:\/\/dentalabril.com\/sobre-la-halitosis-mito-o-verdad\/#breadcrumb\"},\"inLanguage\":\"ca\",\"potentialAction\":[{\"@type\":\"ReadAction\",\"target\":[\"https:\/\/dentalabril.com\/sobre-la-halitosis-mito-o-verdad\/\"]}]},{\"@type\":\"ImageObject\",\"inLanguage\":\"ca\",\"@id\":\"https:\/\/dentalabril.com\/sobre-la-halitosis-mito-o-verdad\/#primaryimage\",\"url\":\"https:\/\/dentalabril.com\/wp-content\/uploads\/2021\/11\/halitosis-y-mal-aliento.jpg\",\"contentUrl\":\"https:\/\/dentalabril.com\/wp-content\/uploads\/2021\/11\/halitosis-y-mal-aliento.jpg\",\"width\":936,\"height\":623},{\"@type\":\"BreadcrumbList\",\"@id\":\"https:\/\/dentalabril.com\/sobre-la-halitosis-mito-o-verdad\/#breadcrumb\",\"itemListElement\":[{\"@type\":\"ListItem\",\"position\":1,\"name\":\"Portada\",\"item\":\"https:\/\/dentalabril.com\/ca\/clinica-dental-abril-a-barcelona\/\"},{\"@type\":\"ListItem\",\"position\":2,\"name\":\"Sobre la halitosis, mito o verdad\"}]},{\"@type\":\"WebSite\",\"@id\":\"https:\/\/dentalabril.com\/#website\",\"url\":\"https:\/\/dentalabril.com\/\",\"name\":\"Cl\u00ednica Dental Abril\",\"description\":\"Tu cl\u00ednica dental en Barcelona\",\"publisher\":{\"@id\":\"https:\/\/dentalabril.com\/#organization\"},\"alternateName\":\"Dental Abril\",\"potentialAction\":[{\"@type\":\"SearchAction\",\"target\":{\"@type\":\"EntryPoint\",\"urlTemplate\":\"https:\/\/dentalabril.com\/?s={search_term_string}\"},\"query-input\":\"required name=search_term_string\"}],\"inLanguage\":\"ca\"},{\"@type\":\"Organization\",\"@id\":\"https:\/\/dentalabril.com\/#organization\",\"name\":\"Cl\u00ednica Dental Abril\",\"alternateName\":\"Dental Abril\",\"url\":\"https:\/\/dentalabril.com\/\",\"logo\":{\"@type\":\"ImageObject\",\"inLanguage\":\"ca\",\"@id\":\"https:\/\/dentalabril.com\/#\/schema\/logo\/image\/\",\"url\":\"https:\/\/dentalabril.com\/wp-content\/uploads\/2023\/03\/BBceBSJt_400x400.jpg\",\"contentUrl\":\"https:\/\/dentalabril.com\/wp-content\/uploads\/2023\/03\/BBceBSJt_400x400.jpg\",\"width\":400,\"height\":400,\"caption\":\"Cl\u00ednica Dental Abril\"},\"image\":{\"@id\":\"https:\/\/dentalabril.com\/#\/schema\/logo\/image\/\"},\"sameAs\":[\"https:\/\/www.facebook.com\/clinicadentalabril\/\",\"https:\/\/www.instagram.com\/dentalabril\/\"]},{\"@type\":\"Person\",\"@id\":\"https:\/\/dentalabril.com\/#\/schema\/person\/ee1913365f94afb96f63b997cada040c\",\"name\":\"Cl\u00ednica Dental Abril\",\"image\":{\"@type\":\"ImageObject\",\"inLanguage\":\"ca\",\"@id\":\"https:\/\/dentalabril.com\/#\/schema\/person\/image\/\",\"url\":\"https:\/\/secure.gravatar.com\/avatar\/d2f687b6c686a7cf6497784acd058e7d?s=96&d=mm&r=g\",\"contentUrl\":\"https:\/\/secure.gravatar.com\/avatar\/d2f687b6c686a7cf6497784acd058e7d?s=96&d=mm&r=g\",\"caption\":\"Cl\u00ednica Dental Abril\"},\"url\":\"https:\/\/dentalabril.com\/ca\/author\/clinicadentalabril\/\"}]}<\/script>\n<!-- \/ Yoast SEO plugin. -->","yoast_head_json":{"title":"Sobre la halitosis, mito o verdad | Cl\u00ednica dental Abril","robots":{"index":"index","follow":"follow","max-snippet":"max-snippet:-1","max-image-preview":"max-image-preview:large","max-video-preview":"max-video-preview:-1"},"canonical":"https:\/\/dentalabril.com\/sobre-la-halitosis-mito-o-verdad\/","og_locale":"ca_ES","og_type":"article","og_title":"Sobre la halitosis, mito o verdad | Cl\u00ednica dental Abril","og_description":"La halitosis, o llamado mal aliento, podr\u00e1s diferenciarlo del &#8220;aliento que tienes al levantar&#8221; ya que tras lavarte los dientes, desayunar o comer un caramelo no desaparece. La halitosis puede convertirse en un problema serio si no se trata o no se conocen sus causas y perdura en el tiempo. A continuaci\u00f3n respondemos las preguntas [&hellip;]","og_url":"https:\/\/dentalabril.com\/sobre-la-halitosis-mito-o-verdad\/","og_site_name":"Cl\u00ednica dental Abril","article_publisher":"https:\/\/www.facebook.com\/clinicadentalabril\/","article_published_time":"2021-12-02T11:48:54+00:00","article_modified_time":"2022-07-21T08:39:58+00:00","og_image":[{"width":936,"height":623,"url":"https:\/\/dentalabril.com\/wp-content\/uploads\/2021\/11\/halitosis-y-mal-aliento.jpg","type":"image\/jpeg"}],"author":"Cl\u00ednica Dental Abril","twitter_card":"summary_large_image","twitter_misc":{"Escrit per":"Cl\u00ednica Dental Abril","Temps estimat de lectura":"2 minuts"},"schema":{"@context":"https:\/\/schema.org","@graph":[{"@type":"Article","@id":"https:\/\/dentalabril.com\/sobre-la-halitosis-mito-o-verdad\/#article","isPartOf":{"@id":"https:\/\/dentalabril.com\/sobre-la-halitosis-mito-o-verdad\/"},"author":{"name":"Cl\u00ednica Dental Abril","@id":"https:\/\/dentalabril.com\/#\/schema\/person\/ee1913365f94afb96f63b997cada040c"},"headline":"Sobre la halitosis, mito o verdad","datePublished":"2021-12-02T11:48:54+00:00","dateModified":"2022-07-21T08:39:58+00:00","mainEntityOfPage":{"@id":"https:\/\/dentalabril.com\/sobre-la-halitosis-mito-o-verdad\/"},"wordCount":403,"publisher":{"@id":"https:\/\/dentalabril.com\/#organization"},"image":{"@id":"https:\/\/dentalabril.com\/sobre-la-halitosis-mito-o-verdad\/#primaryimage"},"thumbnailUrl":"https:\/\/dentalabril.com\/wp-content\/uploads\/2021\/11\/halitosis-y-mal-aliento.jpg","articleSection":["blog-tratamientos"],"inLanguage":"ca"},{"@type":"WebPage","@id":"https:\/\/dentalabril.com\/sobre-la-halitosis-mito-o-verdad\/","url":"https:\/\/dentalabril.com\/sobre-la-halitosis-mito-o-verdad\/","name":"Sobre la halitosis, mito o verdad | Cl\u00ednica dental Abril","isPartOf":{"@id":"https:\/\/dentalabril.com\/#website"},"primaryImageOfPage":{"@id":"https:\/\/dentalabril.com\/sobre-la-halitosis-mito-o-verdad\/#primaryimage"},"image":{"@id":"https:\/\/dentalabril.com\/sobre-la-halitosis-mito-o-verdad\/#primaryimage"},"thumbnailUrl":"https:\/\/dentalabril.com\/wp-content\/uploads\/2021\/11\/halitosis-y-mal-aliento.jpg","datePublished":"2021-12-02T11:48:54+00:00","dateModified":"2022-07-21T08:39:58+00:00","breadcrumb":{"@id":"https:\/\/dentalabril.com\/sobre-la-halitosis-mito-o-verdad\/#breadcrumb"},"inLanguage":"ca","potentialAction":[{"@type":"ReadAction","target":["https:\/\/dentalabril.com\/sobre-la-halitosis-mito-o-verdad\/"]}]},{"@type":"ImageObject","inLanguage":"ca","@id":"https:\/\/dentalabril.com\/sobre-la-halitosis-mito-o-verdad\/#primaryimage","url":"https:\/\/dentalabril.com\/wp-content\/uploads\/2021\/11\/halitosis-y-mal-aliento.jpg","contentUrl":"https:\/\/dentalabril.com\/wp-content\/uploads\/2021\/11\/halitosis-y-mal-aliento.jpg","width":936,"height":623},{"@type":"BreadcrumbList","@id":"https:\/\/dentalabril.com\/sobre-la-halitosis-mito-o-verdad\/#breadcrumb","itemListElement":[{"@type":"ListItem","position":1,"name":"Portada","item":"https:\/\/dentalabril.com\/ca\/clinica-dental-abril-a-barcelona\/"},{"@type":"ListItem","position":2,"name":"Sobre la halitosis, mito o verdad"}]},{"@type":"WebSite","@id":"https:\/\/dentalabril.com\/#website","url":"https:\/\/dentalabril.com\/","name":"Cl\u00ednica Dental Abril","description":"Tu cl\u00ednica dental en Barcelona","publisher":{"@id":"https:\/\/dentalabril.com\/#organization"},"alternateName":"Dental Abril","potentialAction":[{"@type":"SearchAction","target":{"@type":"EntryPoint","urlTemplate":"https:\/\/dentalabril.com\/?s={search_term_string}"},"query-input":"required name=search_term_string"}],"inLanguage":"ca"},{"@type":"Organization","@id":"https:\/\/dentalabril.com\/#organization","name":"Cl\u00ednica Dental Abril","alternateName":"Dental Abril","url":"https:\/\/dentalabril.com\/","logo":{"@type":"ImageObject","inLanguage":"ca","@id":"https:\/\/dentalabril.com\/#\/schema\/logo\/image\/","url":"https:\/\/dentalabril.com\/wp-content\/uploads\/2023\/03\/BBceBSJt_400x400.jpg","contentUrl":"https:\/\/dentalabril.com\/wp-content\/uploads\/2023\/03\/BBceBSJt_400x400.jpg","width":400,"height":400,"caption":"Cl\u00ednica Dental Abril"},"image":{"@id":"https:\/\/dentalabril.com\/#\/schema\/logo\/image\/"},"sameAs":["https:\/\/www.facebook.com\/clinicadentalabril\/","https:\/\/www.instagram.com\/dentalabril\/"]},{"@type":"Person","@id":"https:\/\/dentalabril.com\/#\/schema\/person\/ee1913365f94afb96f63b997cada040c","name":"Cl\u00ednica Dental Abril","image":{"@type":"ImageObject","inLanguage":"ca","@id":"https:\/\/dentalabril.com\/#\/schema\/person\/image\/","url":"https:\/\/secure.gravatar.com\/avatar\/d2f687b6c686a7cf6497784acd058e7d?s=96&d=mm&r=g","contentUrl":"https:\/\/secure.gravatar.com\/avatar\/d2f687b6c686a7cf6497784acd058e7d?s=96&d=mm&r=g","caption":"Cl\u00ednica Dental Abril"},"url":"https:\/\/dentalabril.com\/ca\/author\/clinicadentalabril\/"}]}},"_links":{"self":[{"href":"https:\/\/dentalabril.com\/ca\/wp-json\/wp\/v2\/posts\/1852"}],"collection":[{"href":"https:\/\/dentalabril.com\/ca\/wp-json\/wp\/v2\/posts"}],"about":[{"href":"https:\/\/dentalabril.com\/ca\/wp-json\/wp\/v2\/types\/post"}],"author":[{"embeddable":true,"href":"https:\/\/dentalabril.com\/ca\/wp-json\/wp\/v2\/users\/4"}],"replies":[{"embeddable":true,"href":"https:\/\/dentalabril.com\/ca\/wp-json\/wp\/v2\/comments?post=1852"}],"version-history":[{"count":0,"href":"https:\/\/dentalabril.com\/ca\/wp-json\/wp\/v2\/posts\/1852\/revisions"}],"wp:featuredmedia":[{"embeddable":true,"href":"https:\/\/dentalabril.com\/ca\/wp-json\/wp\/v2\/media\/1853"}],"wp:attachment":[{"href":"https:\/\/dentalabril.com\/ca\/wp-json\/wp\/v2\/media?parent=1852"}],"wp:term":[{"taxonomy":"category","embeddable":true,"href":"https:\/\/dentalabril.com\/ca\/wp-json\/wp\/v2\/categories?post=1852"},{"taxonomy":"post_tag","embeddable":true,"href":"https:\/\/dentalabril.com\/ca\/wp-json\/wp\/v2\/tags?post=1852"}],"curies":[{"name":"wp","href":"https:\/\/api.w.org\/{rel}","templated":true}]}}