{"id":1777,"date":"2021-08-20T08:35:37","date_gmt":"2021-08-20T08:35:37","guid":{"rendered":"https:\/\/dentalabril.com\/?p=1777"},"modified":"2022-07-21T08:39:58","modified_gmt":"2022-07-21T08:39:58","slug":"mal-aliento-o-halitosis-como-combatirlo","status":"publish","type":"post","link":"https:\/\/dentalabril.com\/ca\/mal-aliento-o-halitosis-como-combatirlo\/","title":{"rendered":"Mal aliento o halitosis: \u00bfC\u00f3mo combatirlo?"},"content":{"rendered":"<p><span style=\"font-weight: 400;\">El mal aliento o halitosis se considera un conjunto de olores desagradables que proceden del interior de la boca. Las causas que lo provocan pueden ser distintas, pero conocerlas son la clave para combatirlo y conseguir un aliento m\u00e1s fresco.\u00a0<\/span><\/p>\n<p>\u00bfCuales son las causas del mal aliento?<\/p>\n<ol>\n<li><strong>Mal aliento, producido de forma puntual.<br \/>\n<\/strong>En muchas ocasiones, la alimentaci\u00f3n suele producir un olor desagradable de forma puntal, al haber ingerido alimentos como la cebolla o el ajo. <span style=\"font-weight: 400;\">La descomposici\u00f3n de los alimentos que comemos\u00a0 a diario puede generar mal aliento, conviene evitar alimentos que generan un mal aliento moment\u00e1neo en el paciente.<\/span><\/li>\n<li><strong>Higiene oral insuficiente.<br \/>\n<\/strong><span style=\"font-weight: 400;\">Los restos de comida y bacterias se acumulan entre los dientes, las enc\u00edas y sobre la lengua, provocando un aliento desagradable. En este sentido el tabaco tambi\u00e9n favorece la halitosis de forma m\u00e1s permanente. Los pacientes fumadores son m\u00e1s propensos a desarrollar complicaciones como las enfermedades periodontales y halitosis. La ingesta de algunos medicamentos y la xerostom\u00eda o sequedad bucal tambi\u00e9n favorecen el mal aliento de forma puntual.\u00a0<\/span><\/li>\n<\/ol>\n<p>Te explicamos con unos consejos muy sencillos c\u00f3mo combatir el mal aliento.<\/p>\n<ol>\n<li><strong>Rutina de higiene oral diaria<br \/>\n<\/strong>Una buena rutina de higiene es el cepillado dental. Pero muchas veces los filamentos del cepillo no consiguen llegar a esos espacios en los que se acumulan las bacterias que generan mal aliento. Por ello es recomendable complementar el cepillado con t\u00e9cnicas de higiene interproximal, como el enjuague bucal o el hilo dental.<\/li>\n<li><strong>La gran olvidada, la lengua.<br \/>\n<\/strong>Aunque su aspecto sea saludable, en la superficie lingual se almacenan diferentes tipos de bacterias relacionadas con la halitosis. Para limpiar la superficie de la lengua con profundidad es aconsejable el uso de un limpiador lingual espec\u00edfico. Tambi\u00e9n pueden generar halitosis las enfermedades como los c\u00e1nceres y los des\u00f3rdenes metab\u00f3licos pueden comportar mal aliento provocado por los qu\u00edmicos que producen. El reflujo constante de \u00e1cidos estomacales tambi\u00e9n est\u00e1 relacionado con la halitosis.<\/li>\n<li><strong>Estilo de vida saludable<br \/>\n<\/strong>Mantener una alimentaci\u00f3n sana y equilibrada es esencial ara una boca sana y un aliento fresco. Masticar chicle sin az\u00facar despu\u00e9s de las comidas tambi\u00e9n ayuda a mantener un buen aliento durante m\u00e1s tiempo, aunque nunca debe sustituir el cepillado dental.<\/li>\n<li><strong>La higiene dental en cl\u00ednica.<br \/>\n<\/strong>\u00a0Una limpieza dental profesional ayudar\u00e1 a eliminar restos de bacterias que se incrustan en la cavidad oral, que manualmente no puedes alcanzar y que\u00a0 favorecen el desarrollo de mal aliento.<\/li>\n<\/ol>\n","protected":false},"excerpt":{"rendered":"<p>El mal aliento o halitosis se considera un conjunto de olores desagradables que proceden del interior de la boca. Las causas que lo provocan pueden ser distintas, pero conocerlas son la clave para combatirlo y conseguir un aliento m\u00e1s fresco.\u00a0 \u00bfCuales son las causas del mal aliento? Mal aliento, producido de forma puntual. En muchas [&hellip;]<\/p>\n","protected":false},"author":4,"featured_media":1778,"comment_status":"closed","ping_status":"closed","sticky":false,"template":"","format":"standard","meta":{"_joinchat":[],"footnotes":"","_wpscppro_custom_social_share_image":0,"_facebook_share_type":"","_twitter_share_type":"","_linkedin_share_type":"","_pinterest_share_type":"","_linkedin_share_type_page":"","_instagram_share_type":"","_medium_share_type":"","_selected_social_profile":[]},"categories":[1],"tags":[],"class_list":{"0":"post-1777","1":"post","2":"type-post","3":"status-publish","4":"format-standard","5":"has-post-thumbnail","7":"category-sin-categoria"},"yoast_head":"<!-- This site is optimized with the Yoast SEO plugin v23.1 - https:\/\/yoast.com\/wordpress\/plugins\/seo\/ -->\n<title>Mal aliento o halitosis: \u00bfC\u00f3mo combatirlo? | Cl\u00ednica dental Abril<\/title>\n<meta name=\"robots\" content=\"index, follow, max-snippet:-1, max-image-preview:large, max-video-preview:-1\" \/>\n<link rel=\"canonical\" href=\"https:\/\/dentalabril.com\/mal-aliento-o-halitosis-como-combatirlo\/\" \/>\n<meta property=\"og:locale\" content=\"ca_ES\" \/>\n<meta property=\"og:type\" content=\"article\" \/>\n<meta property=\"og:title\" content=\"Mal aliento o halitosis: \u00bfC\u00f3mo combatirlo? | Cl\u00ednica dental Abril\" \/>\n<meta property=\"og:description\" content=\"El mal aliento o halitosis se considera un conjunto de olores desagradables que proceden del interior de la boca. Las causas que lo provocan pueden ser distintas, pero conocerlas son la clave para combatirlo y conseguir un aliento m\u00e1s fresco.\u00a0 \u00bfCuales son las causas del mal aliento? Mal aliento, producido de forma puntual. En muchas [&hellip;]\" \/>\n<meta property=\"og:url\" content=\"https:\/\/dentalabril.com\/mal-aliento-o-halitosis-como-combatirlo\/\" \/>\n<meta property=\"og:site_name\" content=\"Cl\u00ednica dental Abril\" \/>\n<meta property=\"article:publisher\" content=\"https:\/\/www.facebook.com\/clinicadentalabril\/\" \/>\n<meta property=\"article:published_time\" content=\"2021-08-20T08:35:37+00:00\" \/>\n<meta property=\"article:modified_time\" content=\"2022-07-21T08:39:58+00:00\" \/>\n<meta property=\"og:image\" content=\"https:\/\/dentalabril.com\/wp-content\/uploads\/2021\/07\/mal-aliento.jpg\" \/>\n\t<meta property=\"og:image:width\" content=\"460\" \/>\n\t<meta property=\"og:image:height\" content=\"307\" \/>\n\t<meta property=\"og:image:type\" content=\"image\/jpeg\" \/>\n<meta name=\"author\" content=\"Cl\u00ednica Dental Abril\" \/>\n<meta name=\"twitter:card\" content=\"summary_large_image\" \/>\n<meta name=\"twitter:label1\" content=\"Escrit per\" \/>\n\t<meta name=\"twitter:data1\" content=\"Cl\u00ednica Dental Abril\" \/>\n\t<meta name=\"twitter:label2\" content=\"Temps estimat de lectura\" \/>\n\t<meta name=\"twitter:data2\" content=\"2 minuts\" \/>\n<script type=\"application\/ld+json\" class=\"yoast-schema-graph\">{\"@context\":\"https:\/\/schema.org\",\"@graph\":[{\"@type\":\"Article\",\"@id\":\"https:\/\/dentalabril.com\/mal-aliento-o-halitosis-como-combatirlo\/#article\",\"isPartOf\":{\"@id\":\"https:\/\/dentalabril.com\/mal-aliento-o-halitosis-como-combatirlo\/\"},\"author\":{\"name\":\"Cl\u00ednica Dental Abril\",\"@id\":\"https:\/\/dentalabril.com\/#\/schema\/person\/ee1913365f94afb96f63b997cada040c\"},\"headline\":\"Mal aliento o halitosis: \u00bfC\u00f3mo combatirlo?\",\"datePublished\":\"2021-08-20T08:35:37+00:00\",\"dateModified\":\"2022-07-21T08:39:58+00:00\",\"mainEntityOfPage\":{\"@id\":\"https:\/\/dentalabril.com\/mal-aliento-o-halitosis-como-combatirlo\/\"},\"wordCount\":431,\"publisher\":{\"@id\":\"https:\/\/dentalabril.com\/#organization\"},\"image\":{\"@id\":\"https:\/\/dentalabril.com\/mal-aliento-o-halitosis-como-combatirlo\/#primaryimage\"},\"thumbnailUrl\":\"https:\/\/dentalabril.com\/wp-content\/uploads\/2021\/07\/mal-aliento.jpg\",\"articleSection\":[\"blog-tratamientos\"],\"inLanguage\":\"ca\"},{\"@type\":\"WebPage\",\"@id\":\"https:\/\/dentalabril.com\/mal-aliento-o-halitosis-como-combatirlo\/\",\"url\":\"https:\/\/dentalabril.com\/mal-aliento-o-halitosis-como-combatirlo\/\",\"name\":\"Mal aliento o halitosis: \u00bfC\u00f3mo combatirlo? | Cl\u00ednica dental Abril\",\"isPartOf\":{\"@id\":\"https:\/\/dentalabril.com\/#website\"},\"primaryImageOfPage\":{\"@id\":\"https:\/\/dentalabril.com\/mal-aliento-o-halitosis-como-combatirlo\/#primaryimage\"},\"image\":{\"@id\":\"https:\/\/dentalabril.com\/mal-aliento-o-halitosis-como-combatirlo\/#primaryimage\"},\"thumbnailUrl\":\"https:\/\/dentalabril.com\/wp-content\/uploads\/2021\/07\/mal-aliento.jpg\",\"datePublished\":\"2021-08-20T08:35:37+00:00\",\"dateModified\":\"2022-07-21T08:39:58+00:00\",\"breadcrumb\":{\"@id\":\"https:\/\/dentalabril.com\/mal-aliento-o-halitosis-como-combatirlo\/#breadcrumb\"},\"inLanguage\":\"ca\",\"potentialAction\":[{\"@type\":\"ReadAction\",\"target\":[\"https:\/\/dentalabril.com\/mal-aliento-o-halitosis-como-combatirlo\/\"]}]},{\"@type\":\"ImageObject\",\"inLanguage\":\"ca\",\"@id\":\"https:\/\/dentalabril.com\/mal-aliento-o-halitosis-como-combatirlo\/#primaryimage\",\"url\":\"https:\/\/dentalabril.com\/wp-content\/uploads\/2021\/07\/mal-aliento.jpg\",\"contentUrl\":\"https:\/\/dentalabril.com\/wp-content\/uploads\/2021\/07\/mal-aliento.jpg\",\"width\":460,\"height\":307,\"caption\":\"halitosos o mal aliento\"},{\"@type\":\"BreadcrumbList\",\"@id\":\"https:\/\/dentalabril.com\/mal-aliento-o-halitosis-como-combatirlo\/#breadcrumb\",\"itemListElement\":[{\"@type\":\"ListItem\",\"position\":1,\"name\":\"Portada\",\"item\":\"https:\/\/dentalabril.com\/ca\/clinica-dental-abril-a-barcelona\/\"},{\"@type\":\"ListItem\",\"position\":2,\"name\":\"Mal aliento o halitosis: \u00bfC\u00f3mo combatirlo?\"}]},{\"@type\":\"WebSite\",\"@id\":\"https:\/\/dentalabril.com\/#website\",\"url\":\"https:\/\/dentalabril.com\/\",\"name\":\"Cl\u00ednica Dental Abril\",\"description\":\"Tu cl\u00ednica dental en Barcelona\",\"publisher\":{\"@id\":\"https:\/\/dentalabril.com\/#organization\"},\"alternateName\":\"Dental Abril\",\"potentialAction\":[{\"@type\":\"SearchAction\",\"target\":{\"@type\":\"EntryPoint\",\"urlTemplate\":\"https:\/\/dentalabril.com\/?s={search_term_string}\"},\"query-input\":\"required name=search_term_string\"}],\"inLanguage\":\"ca\"},{\"@type\":\"Organization\",\"@id\":\"https:\/\/dentalabril.com\/#organization\",\"name\":\"Cl\u00ednica Dental Abril\",\"alternateName\":\"Dental Abril\",\"url\":\"https:\/\/dentalabril.com\/\",\"logo\":{\"@type\":\"ImageObject\",\"inLanguage\":\"ca\",\"@id\":\"https:\/\/dentalabril.com\/#\/schema\/logo\/image\/\",\"url\":\"https:\/\/dentalabril.com\/wp-content\/uploads\/2023\/03\/BBceBSJt_400x400.jpg\",\"contentUrl\":\"https:\/\/dentalabril.com\/wp-content\/uploads\/2023\/03\/BBceBSJt_400x400.jpg\",\"width\":400,\"height\":400,\"caption\":\"Cl\u00ednica Dental Abril\"},\"image\":{\"@id\":\"https:\/\/dentalabril.com\/#\/schema\/logo\/image\/\"},\"sameAs\":[\"https:\/\/www.facebook.com\/clinicadentalabril\/\",\"https:\/\/www.instagram.com\/dentalabril\/\"]},{\"@type\":\"Person\",\"@id\":\"https:\/\/dentalabril.com\/#\/schema\/person\/ee1913365f94afb96f63b997cada040c\",\"name\":\"Cl\u00ednica Dental Abril\",\"image\":{\"@type\":\"ImageObject\",\"inLanguage\":\"ca\",\"@id\":\"https:\/\/dentalabril.com\/#\/schema\/person\/image\/\",\"url\":\"https:\/\/secure.gravatar.com\/avatar\/d2f687b6c686a7cf6497784acd058e7d?s=96&d=mm&r=g\",\"contentUrl\":\"https:\/\/secure.gravatar.com\/avatar\/d2f687b6c686a7cf6497784acd058e7d?s=96&d=mm&r=g\",\"caption\":\"Cl\u00ednica Dental Abril\"},\"url\":\"https:\/\/dentalabril.com\/ca\/author\/clinicadentalabril\/\"}]}<\/script>\n<!-- \/ Yoast SEO plugin. -->","yoast_head_json":{"title":"Mal aliento o halitosis: \u00bfC\u00f3mo combatirlo? | Cl\u00ednica dental Abril","robots":{"index":"index","follow":"follow","max-snippet":"max-snippet:-1","max-image-preview":"max-image-preview:large","max-video-preview":"max-video-preview:-1"},"canonical":"https:\/\/dentalabril.com\/mal-aliento-o-halitosis-como-combatirlo\/","og_locale":"ca_ES","og_type":"article","og_title":"Mal aliento o halitosis: \u00bfC\u00f3mo combatirlo? | Cl\u00ednica dental Abril","og_description":"El mal aliento o halitosis se considera un conjunto de olores desagradables que proceden del interior de la boca. Las causas que lo provocan pueden ser distintas, pero conocerlas son la clave para combatirlo y conseguir un aliento m\u00e1s fresco.\u00a0 \u00bfCuales son las causas del mal aliento? Mal aliento, producido de forma puntual. En muchas [&hellip;]","og_url":"https:\/\/dentalabril.com\/mal-aliento-o-halitosis-como-combatirlo\/","og_site_name":"Cl\u00ednica dental Abril","article_publisher":"https:\/\/www.facebook.com\/clinicadentalabril\/","article_published_time":"2021-08-20T08:35:37+00:00","article_modified_time":"2022-07-21T08:39:58+00:00","og_image":[{"width":460,"height":307,"url":"https:\/\/dentalabril.com\/wp-content\/uploads\/2021\/07\/mal-aliento.jpg","type":"image\/jpeg"}],"author":"Cl\u00ednica Dental Abril","twitter_card":"summary_large_image","twitter_misc":{"Escrit per":"Cl\u00ednica Dental Abril","Temps estimat de lectura":"2 minuts"},"schema":{"@context":"https:\/\/schema.org","@graph":[{"@type":"Article","@id":"https:\/\/dentalabril.com\/mal-aliento-o-halitosis-como-combatirlo\/#article","isPartOf":{"@id":"https:\/\/dentalabril.com\/mal-aliento-o-halitosis-como-combatirlo\/"},"author":{"name":"Cl\u00ednica Dental Abril","@id":"https:\/\/dentalabril.com\/#\/schema\/person\/ee1913365f94afb96f63b997cada040c"},"headline":"Mal aliento o halitosis: \u00bfC\u00f3mo combatirlo?","datePublished":"2021-08-20T08:35:37+00:00","dateModified":"2022-07-21T08:39:58+00:00","mainEntityOfPage":{"@id":"https:\/\/dentalabril.com\/mal-aliento-o-halitosis-como-combatirlo\/"},"wordCount":431,"publisher":{"@id":"https:\/\/dentalabril.com\/#organization"},"image":{"@id":"https:\/\/dentalabril.com\/mal-aliento-o-halitosis-como-combatirlo\/#primaryimage"},"thumbnailUrl":"https:\/\/dentalabril.com\/wp-content\/uploads\/2021\/07\/mal-aliento.jpg","articleSection":["blog-tratamientos"],"inLanguage":"ca"},{"@type":"WebPage","@id":"https:\/\/dentalabril.com\/mal-aliento-o-halitosis-como-combatirlo\/","url":"https:\/\/dentalabril.com\/mal-aliento-o-halitosis-como-combatirlo\/","name":"Mal aliento o halitosis: \u00bfC\u00f3mo combatirlo? | Cl\u00ednica dental Abril","isPartOf":{"@id":"https:\/\/dentalabril.com\/#website"},"primaryImageOfPage":{"@id":"https:\/\/dentalabril.com\/mal-aliento-o-halitosis-como-combatirlo\/#primaryimage"},"image":{"@id":"https:\/\/dentalabril.com\/mal-aliento-o-halitosis-como-combatirlo\/#primaryimage"},"thumbnailUrl":"https:\/\/dentalabril.com\/wp-content\/uploads\/2021\/07\/mal-aliento.jpg","datePublished":"2021-08-20T08:35:37+00:00","dateModified":"2022-07-21T08:39:58+00:00","breadcrumb":{"@id":"https:\/\/dentalabril.com\/mal-aliento-o-halitosis-como-combatirlo\/#breadcrumb"},"inLanguage":"ca","potentialAction":[{"@type":"ReadAction","target":["https:\/\/dentalabril.com\/mal-aliento-o-halitosis-como-combatirlo\/"]}]},{"@type":"ImageObject","inLanguage":"ca","@id":"https:\/\/dentalabril.com\/mal-aliento-o-halitosis-como-combatirlo\/#primaryimage","url":"https:\/\/dentalabril.com\/wp-content\/uploads\/2021\/07\/mal-aliento.jpg","contentUrl":"https:\/\/dentalabril.com\/wp-content\/uploads\/2021\/07\/mal-aliento.jpg","width":460,"height":307,"caption":"halitosos o mal aliento"},{"@type":"BreadcrumbList","@id":"https:\/\/dentalabril.com\/mal-aliento-o-halitosis-como-combatirlo\/#breadcrumb","itemListElement":[{"@type":"ListItem","position":1,"name":"Portada","item":"https:\/\/dentalabril.com\/ca\/clinica-dental-abril-a-barcelona\/"},{"@type":"ListItem","position":2,"name":"Mal aliento o halitosis: \u00bfC\u00f3mo combatirlo?"}]},{"@type":"WebSite","@id":"https:\/\/dentalabril.com\/#website","url":"https:\/\/dentalabril.com\/","name":"Cl\u00ednica Dental Abril","description":"Tu cl\u00ednica dental en Barcelona","publisher":{"@id":"https:\/\/dentalabril.com\/#organization"},"alternateName":"Dental Abril","potentialAction":[{"@type":"SearchAction","target":{"@type":"EntryPoint","urlTemplate":"https:\/\/dentalabril.com\/?s={search_term_string}"},"query-input":"required name=search_term_string"}],"inLanguage":"ca"},{"@type":"Organization","@id":"https:\/\/dentalabril.com\/#organization","name":"Cl\u00ednica Dental Abril","alternateName":"Dental Abril","url":"https:\/\/dentalabril.com\/","logo":{"@type":"ImageObject","inLanguage":"ca","@id":"https:\/\/dentalabril.com\/#\/schema\/logo\/image\/","url":"https:\/\/dentalabril.com\/wp-content\/uploads\/2023\/03\/BBceBSJt_400x400.jpg","contentUrl":"https:\/\/dentalabril.com\/wp-content\/uploads\/2023\/03\/BBceBSJt_400x400.jpg","width":400,"height":400,"caption":"Cl\u00ednica Dental Abril"},"image":{"@id":"https:\/\/dentalabril.com\/#\/schema\/logo\/image\/"},"sameAs":["https:\/\/www.facebook.com\/clinicadentalabril\/","https:\/\/www.instagram.com\/dentalabril\/"]},{"@type":"Person","@id":"https:\/\/dentalabril.com\/#\/schema\/person\/ee1913365f94afb96f63b997cada040c","name":"Cl\u00ednica Dental Abril","image":{"@type":"ImageObject","inLanguage":"ca","@id":"https:\/\/dentalabril.com\/#\/schema\/person\/image\/","url":"https:\/\/secure.gravatar.com\/avatar\/d2f687b6c686a7cf6497784acd058e7d?s=96&d=mm&r=g","contentUrl":"https:\/\/secure.gravatar.com\/avatar\/d2f687b6c686a7cf6497784acd058e7d?s=96&d=mm&r=g","caption":"Cl\u00ednica Dental Abril"},"url":"https:\/\/dentalabril.com\/ca\/author\/clinicadentalabril\/"}]}},"_links":{"self":[{"href":"https:\/\/dentalabril.com\/ca\/wp-json\/wp\/v2\/posts\/1777"}],"collection":[{"href":"https:\/\/dentalabril.com\/ca\/wp-json\/wp\/v2\/posts"}],"about":[{"href":"https:\/\/dentalabril.com\/ca\/wp-json\/wp\/v2\/types\/post"}],"author":[{"embeddable":true,"href":"https:\/\/dentalabril.com\/ca\/wp-json\/wp\/v2\/users\/4"}],"replies":[{"embeddable":true,"href":"https:\/\/dentalabril.com\/ca\/wp-json\/wp\/v2\/comments?post=1777"}],"version-history":[{"count":0,"href":"https:\/\/dentalabril.com\/ca\/wp-json\/wp\/v2\/posts\/1777\/revisions"}],"wp:featuredmedia":[{"embeddable":true,"href":"https:\/\/dentalabril.com\/ca\/wp-json\/wp\/v2\/media\/1778"}],"wp:attachment":[{"href":"https:\/\/dentalabril.com\/ca\/wp-json\/wp\/v2\/media?parent=1777"}],"wp:term":[{"taxonomy":"category","embeddable":true,"href":"https:\/\/dentalabril.com\/ca\/wp-json\/wp\/v2\/categories?post=1777"},{"taxonomy":"post_tag","embeddable":true,"href":"https:\/\/dentalabril.com\/ca\/wp-json\/wp\/v2\/tags?post=1777"}],"curies":[{"name":"wp","href":"https:\/\/api.w.org\/{rel}","templated":true}]}}