{"id":1766,"date":"2022-06-29T11:34:08","date_gmt":"2022-06-29T11:34:08","guid":{"rendered":"https:\/\/dentalabril.com\/?p=1766"},"modified":"2022-07-25T08:31:17","modified_gmt":"2022-07-25T08:31:17","slug":"sabias-que-el-estres-puede-afectar-a-tu-salud-bucal","status":"publish","type":"post","link":"https:\/\/dentalabril.com\/ca\/sabias-que-el-estres-puede-afectar-a-tu-salud-bucal\/","title":{"rendered":"\u00bfSab\u00edas que el estr\u00e9s puede afectar a tu salud bucal?"},"content":{"rendered":"<p><span style=\"font-weight: 400;\">Hace a\u00f1os que a\u00f1os que nuestro ritmo de vida es muy acelerado. El d\u00eda a d\u00eda se convierte en una carrera a contrarreloj. Que si trabajar por la ma\u00f1ana, que si ir a recoger a los ni\u00f1os, que si cocinar, que s\u00ed gimnasio\u2026 Al final del d\u00eda llegamos a nuestra casa totalmente derrotados. Y como ya sab\u00e9is, esto no es bueno para nuestra salud. \u00bfPero sab\u00edais que tampoco es bueno para nuestra salud bucal? Eso es,\u00a0 nuestra boca tambi\u00e9n sufre si nos sometemos al estr\u00e9s.<\/span><\/p>\n<p>&nbsp;<\/p>\n<p><span style=\"font-weight: 400;\">\u00bfPorque decimos que no es bueno el estr\u00e9s para nuestra salud bucal? Porque este estado puede provocar la aparici\u00f3n de diversas enfermedades bucales que detallaremos a continuaci\u00f3n:<\/span><\/p>\n<p>&nbsp;<\/p>\n<p><b>Enfermedades que derivan del estr\u00e9s<\/b><\/p>\n<p>&nbsp;<\/p>\n<ol>\n<li style=\"font-weight: 400;\" aria-level=\"1\"><b>Herpes labial:<\/b><b><br \/>\n<\/b><span style=\"font-weight: 400;\">Aunque es una enfermedad contagiosa, suele ser una enfermedad f\u00e1cil de brotar en situaciones de estr\u00e9s y fatiga. Si padeces el herpes labial de forma recurrente significa que normalmente est\u00e1s estresado. Quiz\u00e1s deber\u00edas hacer caso a las se\u00f1ales y\u00a0 plantearte aflojar el ritmo de vida. <\/span><\/li>\n<li style=\"font-weight: 400;\" aria-level=\"1\"><b>Bruxismo:<\/b><b><br \/>\n<\/b><span style=\"font-weight: 400;\">El bruxismo es el acto de rechinar los dientes y apretar la mand\u00edbula fuertemente de noche. Esta enfermedad la suelen padecer las personas que sufren mucho estr\u00e9s.Provoca desgaste de las piezas dentales, dolor de cabeza y aumento de la estructura mandibular. <\/span><\/li>\n<li style=\"font-weight: 400;\" aria-level=\"1\"><b>Periodontitis:<\/b> <span style=\"font-weight: 400;\"><br \/>\n<\/span><span style=\"font-weight: 400;\">Existe una relaci\u00f3n entre el estr\u00e9s y la periodontitis. Cuando existen altos niveles de estr\u00e9s se agrava la p\u00e9rdida de adherencia y la p\u00e9rdida de hueso alveolar.\u00a0 El estr\u00e9s aumenta las probabilidades de sufrir una enfermedad periodontal, que si no se trata, acabar\u00e1 provocando la movilidad y p\u00e9rdida de los dientes. <\/span><\/li>\n<li style=\"font-weight: 400;\" aria-level=\"1\"><b>\u00dalcera aftosa recurrente:<\/b><\/li>\n<\/ol>\n<p><span style=\"font-weight: 400;\">Las \u00falceras aftosas son esas llagas que se forman en las enc\u00edas y mucosa. Son consecuencia de las deficiencias del sistema inmunol\u00f3gico y este d\u00e9ficit puede aparecer por dejar de alimentarse correctamente, un acto que tendemos a hacer cuando estamos estresados.\u00a0<\/span><\/p>\n<p><span style=\"font-weight: 400;\">Si tienes alguna duda sobre la enfermedad periodontal o sus posibles tratamientos no dudes en ponerte en contacto con el equipo de <\/span><b>Dental Abril en Barcelona. <\/b><span style=\"font-weight: 400;\">\u00a1Estaremos encantados de atenderte!.\u00a0<\/span><\/p>\n","protected":false},"excerpt":{"rendered":"<p>Hace a\u00f1os que a\u00f1os que nuestro ritmo de vida es muy acelerado. El d\u00eda a d\u00eda se convierte en una carrera a contrarreloj. Que si trabajar por la ma\u00f1ana, que si ir a recoger a los ni\u00f1os, que si cocinar, que s\u00ed gimnasio\u2026 Al final del d\u00eda llegamos a nuestra casa totalmente derrotados. Y como [&hellip;]<\/p>\n","protected":false},"author":4,"featured_media":1110,"comment_status":"closed","ping_status":"closed","sticky":false,"template":"","format":"standard","meta":{"_joinchat":[],"footnotes":"","_wpscppro_custom_social_share_image":0,"_facebook_share_type":"","_twitter_share_type":"","_linkedin_share_type":"","_pinterest_share_type":"","_linkedin_share_type_page":"","_instagram_share_type":"","_medium_share_type":"","_selected_social_profile":[]},"categories":[1],"tags":[],"class_list":{"0":"post-1766","1":"post","2":"type-post","3":"status-publish","4":"format-standard","5":"has-post-thumbnail","7":"category-sin-categoria"},"yoast_head":"<!-- This site is optimized with the Yoast SEO plugin v23.1 - https:\/\/yoast.com\/wordpress\/plugins\/seo\/ -->\n<title>\u00bfSab\u00edas que el estr\u00e9s puede afectar a tu salud bucal? | Cl\u00ednica dental Abril<\/title>\n<meta name=\"robots\" content=\"index, follow, max-snippet:-1, max-image-preview:large, max-video-preview:-1\" \/>\n<link rel=\"canonical\" href=\"https:\/\/dentalabril.com\/sabias-que-el-estres-puede-afectar-a-tu-salud-bucal\/\" \/>\n<meta property=\"og:locale\" content=\"ca_ES\" \/>\n<meta property=\"og:type\" content=\"article\" \/>\n<meta property=\"og:title\" content=\"\u00bfSab\u00edas que el estr\u00e9s puede afectar a tu salud bucal? | Cl\u00ednica dental Abril\" \/>\n<meta property=\"og:description\" content=\"Hace a\u00f1os que a\u00f1os que nuestro ritmo de vida es muy acelerado. El d\u00eda a d\u00eda se convierte en una carrera a contrarreloj. Que si trabajar por la ma\u00f1ana, que si ir a recoger a los ni\u00f1os, que si cocinar, que s\u00ed gimnasio\u2026 Al final del d\u00eda llegamos a nuestra casa totalmente derrotados. Y como [&hellip;]\" \/>\n<meta property=\"og:url\" content=\"https:\/\/dentalabril.com\/sabias-que-el-estres-puede-afectar-a-tu-salud-bucal\/\" \/>\n<meta property=\"og:site_name\" content=\"Cl\u00ednica dental Abril\" \/>\n<meta property=\"article:publisher\" content=\"https:\/\/www.facebook.com\/clinicadentalabril\/\" \/>\n<meta property=\"article:published_time\" content=\"2022-06-29T11:34:08+00:00\" \/>\n<meta property=\"article:modified_time\" content=\"2022-07-25T08:31:17+00:00\" \/>\n<meta property=\"og:image\" content=\"https:\/\/dentalabril.com\/wp-content\/uploads\/2018\/02\/dentalq-sensibilidad-dental.jpg\" \/>\n\t<meta property=\"og:image:width\" content=\"560\" \/>\n\t<meta property=\"og:image:height\" content=\"377\" \/>\n\t<meta property=\"og:image:type\" content=\"image\/jpeg\" \/>\n<meta name=\"author\" content=\"Cl\u00ednica Dental Abril\" \/>\n<meta name=\"twitter:card\" content=\"summary_large_image\" \/>\n<meta name=\"twitter:label1\" content=\"Escrit per\" \/>\n\t<meta name=\"twitter:data1\" content=\"Cl\u00ednica Dental Abril\" \/>\n\t<meta name=\"twitter:label2\" content=\"Temps estimat de lectura\" \/>\n\t<meta name=\"twitter:data2\" content=\"2 minuts\" \/>\n<script type=\"application\/ld+json\" class=\"yoast-schema-graph\">{\"@context\":\"https:\/\/schema.org\",\"@graph\":[{\"@type\":\"Article\",\"@id\":\"https:\/\/dentalabril.com\/sabias-que-el-estres-puede-afectar-a-tu-salud-bucal\/#article\",\"isPartOf\":{\"@id\":\"https:\/\/dentalabril.com\/sabias-que-el-estres-puede-afectar-a-tu-salud-bucal\/\"},\"author\":{\"name\":\"Cl\u00ednica Dental Abril\",\"@id\":\"https:\/\/dentalabril.com\/#\/schema\/person\/ee1913365f94afb96f63b997cada040c\"},\"headline\":\"\u00bfSab\u00edas que el estr\u00e9s puede afectar a tu salud bucal?\",\"datePublished\":\"2022-06-29T11:34:08+00:00\",\"dateModified\":\"2022-07-25T08:31:17+00:00\",\"mainEntityOfPage\":{\"@id\":\"https:\/\/dentalabril.com\/sabias-que-el-estres-puede-afectar-a-tu-salud-bucal\/\"},\"wordCount\":381,\"publisher\":{\"@id\":\"https:\/\/dentalabril.com\/#organization\"},\"image\":{\"@id\":\"https:\/\/dentalabril.com\/sabias-que-el-estres-puede-afectar-a-tu-salud-bucal\/#primaryimage\"},\"thumbnailUrl\":\"https:\/\/dentalabril.com\/wp-content\/uploads\/2018\/02\/dentalq-sensibilidad-dental.jpg\",\"articleSection\":[\"blog-tratamientos\"],\"inLanguage\":\"ca\"},{\"@type\":\"WebPage\",\"@id\":\"https:\/\/dentalabril.com\/sabias-que-el-estres-puede-afectar-a-tu-salud-bucal\/\",\"url\":\"https:\/\/dentalabril.com\/sabias-que-el-estres-puede-afectar-a-tu-salud-bucal\/\",\"name\":\"\u00bfSab\u00edas que el estr\u00e9s puede afectar a tu salud bucal? | Cl\u00ednica dental Abril\",\"isPartOf\":{\"@id\":\"https:\/\/dentalabril.com\/#website\"},\"primaryImageOfPage\":{\"@id\":\"https:\/\/dentalabril.com\/sabias-que-el-estres-puede-afectar-a-tu-salud-bucal\/#primaryimage\"},\"image\":{\"@id\":\"https:\/\/dentalabril.com\/sabias-que-el-estres-puede-afectar-a-tu-salud-bucal\/#primaryimage\"},\"thumbnailUrl\":\"https:\/\/dentalabril.com\/wp-content\/uploads\/2018\/02\/dentalq-sensibilidad-dental.jpg\",\"datePublished\":\"2022-06-29T11:34:08+00:00\",\"dateModified\":\"2022-07-25T08:31:17+00:00\",\"breadcrumb\":{\"@id\":\"https:\/\/dentalabril.com\/sabias-que-el-estres-puede-afectar-a-tu-salud-bucal\/#breadcrumb\"},\"inLanguage\":\"ca\",\"potentialAction\":[{\"@type\":\"ReadAction\",\"target\":[\"https:\/\/dentalabril.com\/sabias-que-el-estres-puede-afectar-a-tu-salud-bucal\/\"]}]},{\"@type\":\"ImageObject\",\"inLanguage\":\"ca\",\"@id\":\"https:\/\/dentalabril.com\/sabias-que-el-estres-puede-afectar-a-tu-salud-bucal\/#primaryimage\",\"url\":\"https:\/\/dentalabril.com\/wp-content\/uploads\/2018\/02\/dentalq-sensibilidad-dental.jpg\",\"contentUrl\":\"https:\/\/dentalabril.com\/wp-content\/uploads\/2018\/02\/dentalq-sensibilidad-dental.jpg\",\"width\":560,\"height\":377},{\"@type\":\"BreadcrumbList\",\"@id\":\"https:\/\/dentalabril.com\/sabias-que-el-estres-puede-afectar-a-tu-salud-bucal\/#breadcrumb\",\"itemListElement\":[{\"@type\":\"ListItem\",\"position\":1,\"name\":\"Portada\",\"item\":\"https:\/\/dentalabril.com\/ca\/clinica-dental-abril-a-barcelona\/\"},{\"@type\":\"ListItem\",\"position\":2,\"name\":\"\u00bfSab\u00edas que el estr\u00e9s puede afectar a tu salud bucal?\"}]},{\"@type\":\"WebSite\",\"@id\":\"https:\/\/dentalabril.com\/#website\",\"url\":\"https:\/\/dentalabril.com\/\",\"name\":\"Cl\u00ednica Dental Abril\",\"description\":\"Tu cl\u00ednica dental en Barcelona\",\"publisher\":{\"@id\":\"https:\/\/dentalabril.com\/#organization\"},\"alternateName\":\"Dental Abril\",\"potentialAction\":[{\"@type\":\"SearchAction\",\"target\":{\"@type\":\"EntryPoint\",\"urlTemplate\":\"https:\/\/dentalabril.com\/?s={search_term_string}\"},\"query-input\":\"required name=search_term_string\"}],\"inLanguage\":\"ca\"},{\"@type\":\"Organization\",\"@id\":\"https:\/\/dentalabril.com\/#organization\",\"name\":\"Cl\u00ednica Dental Abril\",\"alternateName\":\"Dental Abril\",\"url\":\"https:\/\/dentalabril.com\/\",\"logo\":{\"@type\":\"ImageObject\",\"inLanguage\":\"ca\",\"@id\":\"https:\/\/dentalabril.com\/#\/schema\/logo\/image\/\",\"url\":\"https:\/\/dentalabril.com\/wp-content\/uploads\/2023\/03\/BBceBSJt_400x400.jpg\",\"contentUrl\":\"https:\/\/dentalabril.com\/wp-content\/uploads\/2023\/03\/BBceBSJt_400x400.jpg\",\"width\":400,\"height\":400,\"caption\":\"Cl\u00ednica Dental Abril\"},\"image\":{\"@id\":\"https:\/\/dentalabril.com\/#\/schema\/logo\/image\/\"},\"sameAs\":[\"https:\/\/www.facebook.com\/clinicadentalabril\/\",\"https:\/\/www.instagram.com\/dentalabril\/\"]},{\"@type\":\"Person\",\"@id\":\"https:\/\/dentalabril.com\/#\/schema\/person\/ee1913365f94afb96f63b997cada040c\",\"name\":\"Cl\u00ednica Dental Abril\",\"image\":{\"@type\":\"ImageObject\",\"inLanguage\":\"ca\",\"@id\":\"https:\/\/dentalabril.com\/#\/schema\/person\/image\/\",\"url\":\"https:\/\/secure.gravatar.com\/avatar\/d2f687b6c686a7cf6497784acd058e7d?s=96&d=mm&r=g\",\"contentUrl\":\"https:\/\/secure.gravatar.com\/avatar\/d2f687b6c686a7cf6497784acd058e7d?s=96&d=mm&r=g\",\"caption\":\"Cl\u00ednica Dental Abril\"},\"url\":\"https:\/\/dentalabril.com\/ca\/author\/clinicadentalabril\/\"}]}<\/script>\n<!-- \/ Yoast SEO plugin. -->","yoast_head_json":{"title":"\u00bfSab\u00edas que el estr\u00e9s puede afectar a tu salud bucal? | Cl\u00ednica dental Abril","robots":{"index":"index","follow":"follow","max-snippet":"max-snippet:-1","max-image-preview":"max-image-preview:large","max-video-preview":"max-video-preview:-1"},"canonical":"https:\/\/dentalabril.com\/sabias-que-el-estres-puede-afectar-a-tu-salud-bucal\/","og_locale":"ca_ES","og_type":"article","og_title":"\u00bfSab\u00edas que el estr\u00e9s puede afectar a tu salud bucal? | Cl\u00ednica dental Abril","og_description":"Hace a\u00f1os que a\u00f1os que nuestro ritmo de vida es muy acelerado. El d\u00eda a d\u00eda se convierte en una carrera a contrarreloj. Que si trabajar por la ma\u00f1ana, que si ir a recoger a los ni\u00f1os, que si cocinar, que s\u00ed gimnasio\u2026 Al final del d\u00eda llegamos a nuestra casa totalmente derrotados. Y como [&hellip;]","og_url":"https:\/\/dentalabril.com\/sabias-que-el-estres-puede-afectar-a-tu-salud-bucal\/","og_site_name":"Cl\u00ednica dental Abril","article_publisher":"https:\/\/www.facebook.com\/clinicadentalabril\/","article_published_time":"2022-06-29T11:34:08+00:00","article_modified_time":"2022-07-25T08:31:17+00:00","og_image":[{"width":560,"height":377,"url":"https:\/\/dentalabril.com\/wp-content\/uploads\/2018\/02\/dentalq-sensibilidad-dental.jpg","type":"image\/jpeg"}],"author":"Cl\u00ednica Dental Abril","twitter_card":"summary_large_image","twitter_misc":{"Escrit per":"Cl\u00ednica Dental Abril","Temps estimat de lectura":"2 minuts"},"schema":{"@context":"https:\/\/schema.org","@graph":[{"@type":"Article","@id":"https:\/\/dentalabril.com\/sabias-que-el-estres-puede-afectar-a-tu-salud-bucal\/#article","isPartOf":{"@id":"https:\/\/dentalabril.com\/sabias-que-el-estres-puede-afectar-a-tu-salud-bucal\/"},"author":{"name":"Cl\u00ednica Dental Abril","@id":"https:\/\/dentalabril.com\/#\/schema\/person\/ee1913365f94afb96f63b997cada040c"},"headline":"\u00bfSab\u00edas que el estr\u00e9s puede afectar a tu salud bucal?","datePublished":"2022-06-29T11:34:08+00:00","dateModified":"2022-07-25T08:31:17+00:00","mainEntityOfPage":{"@id":"https:\/\/dentalabril.com\/sabias-que-el-estres-puede-afectar-a-tu-salud-bucal\/"},"wordCount":381,"publisher":{"@id":"https:\/\/dentalabril.com\/#organization"},"image":{"@id":"https:\/\/dentalabril.com\/sabias-que-el-estres-puede-afectar-a-tu-salud-bucal\/#primaryimage"},"thumbnailUrl":"https:\/\/dentalabril.com\/wp-content\/uploads\/2018\/02\/dentalq-sensibilidad-dental.jpg","articleSection":["blog-tratamientos"],"inLanguage":"ca"},{"@type":"WebPage","@id":"https:\/\/dentalabril.com\/sabias-que-el-estres-puede-afectar-a-tu-salud-bucal\/","url":"https:\/\/dentalabril.com\/sabias-que-el-estres-puede-afectar-a-tu-salud-bucal\/","name":"\u00bfSab\u00edas que el estr\u00e9s puede afectar a tu salud bucal? | Cl\u00ednica dental Abril","isPartOf":{"@id":"https:\/\/dentalabril.com\/#website"},"primaryImageOfPage":{"@id":"https:\/\/dentalabril.com\/sabias-que-el-estres-puede-afectar-a-tu-salud-bucal\/#primaryimage"},"image":{"@id":"https:\/\/dentalabril.com\/sabias-que-el-estres-puede-afectar-a-tu-salud-bucal\/#primaryimage"},"thumbnailUrl":"https:\/\/dentalabril.com\/wp-content\/uploads\/2018\/02\/dentalq-sensibilidad-dental.jpg","datePublished":"2022-06-29T11:34:08+00:00","dateModified":"2022-07-25T08:31:17+00:00","breadcrumb":{"@id":"https:\/\/dentalabril.com\/sabias-que-el-estres-puede-afectar-a-tu-salud-bucal\/#breadcrumb"},"inLanguage":"ca","potentialAction":[{"@type":"ReadAction","target":["https:\/\/dentalabril.com\/sabias-que-el-estres-puede-afectar-a-tu-salud-bucal\/"]}]},{"@type":"ImageObject","inLanguage":"ca","@id":"https:\/\/dentalabril.com\/sabias-que-el-estres-puede-afectar-a-tu-salud-bucal\/#primaryimage","url":"https:\/\/dentalabril.com\/wp-content\/uploads\/2018\/02\/dentalq-sensibilidad-dental.jpg","contentUrl":"https:\/\/dentalabril.com\/wp-content\/uploads\/2018\/02\/dentalq-sensibilidad-dental.jpg","width":560,"height":377},{"@type":"BreadcrumbList","@id":"https:\/\/dentalabril.com\/sabias-que-el-estres-puede-afectar-a-tu-salud-bucal\/#breadcrumb","itemListElement":[{"@type":"ListItem","position":1,"name":"Portada","item":"https:\/\/dentalabril.com\/ca\/clinica-dental-abril-a-barcelona\/"},{"@type":"ListItem","position":2,"name":"\u00bfSab\u00edas que el estr\u00e9s puede afectar a tu salud bucal?"}]},{"@type":"WebSite","@id":"https:\/\/dentalabril.com\/#website","url":"https:\/\/dentalabril.com\/","name":"Cl\u00ednica Dental Abril","description":"Tu cl\u00ednica dental en Barcelona","publisher":{"@id":"https:\/\/dentalabril.com\/#organization"},"alternateName":"Dental Abril","potentialAction":[{"@type":"SearchAction","target":{"@type":"EntryPoint","urlTemplate":"https:\/\/dentalabril.com\/?s={search_term_string}"},"query-input":"required name=search_term_string"}],"inLanguage":"ca"},{"@type":"Organization","@id":"https:\/\/dentalabril.com\/#organization","name":"Cl\u00ednica Dental Abril","alternateName":"Dental Abril","url":"https:\/\/dentalabril.com\/","logo":{"@type":"ImageObject","inLanguage":"ca","@id":"https:\/\/dentalabril.com\/#\/schema\/logo\/image\/","url":"https:\/\/dentalabril.com\/wp-content\/uploads\/2023\/03\/BBceBSJt_400x400.jpg","contentUrl":"https:\/\/dentalabril.com\/wp-content\/uploads\/2023\/03\/BBceBSJt_400x400.jpg","width":400,"height":400,"caption":"Cl\u00ednica Dental Abril"},"image":{"@id":"https:\/\/dentalabril.com\/#\/schema\/logo\/image\/"},"sameAs":["https:\/\/www.facebook.com\/clinicadentalabril\/","https:\/\/www.instagram.com\/dentalabril\/"]},{"@type":"Person","@id":"https:\/\/dentalabril.com\/#\/schema\/person\/ee1913365f94afb96f63b997cada040c","name":"Cl\u00ednica Dental Abril","image":{"@type":"ImageObject","inLanguage":"ca","@id":"https:\/\/dentalabril.com\/#\/schema\/person\/image\/","url":"https:\/\/secure.gravatar.com\/avatar\/d2f687b6c686a7cf6497784acd058e7d?s=96&d=mm&r=g","contentUrl":"https:\/\/secure.gravatar.com\/avatar\/d2f687b6c686a7cf6497784acd058e7d?s=96&d=mm&r=g","caption":"Cl\u00ednica Dental Abril"},"url":"https:\/\/dentalabril.com\/ca\/author\/clinicadentalabril\/"}]}},"_links":{"self":[{"href":"https:\/\/dentalabril.com\/ca\/wp-json\/wp\/v2\/posts\/1766"}],"collection":[{"href":"https:\/\/dentalabril.com\/ca\/wp-json\/wp\/v2\/posts"}],"about":[{"href":"https:\/\/dentalabril.com\/ca\/wp-json\/wp\/v2\/types\/post"}],"author":[{"embeddable":true,"href":"https:\/\/dentalabril.com\/ca\/wp-json\/wp\/v2\/users\/4"}],"replies":[{"embeddable":true,"href":"https:\/\/dentalabril.com\/ca\/wp-json\/wp\/v2\/comments?post=1766"}],"version-history":[{"count":0,"href":"https:\/\/dentalabril.com\/ca\/wp-json\/wp\/v2\/posts\/1766\/revisions"}],"wp:featuredmedia":[{"embeddable":true,"href":"https:\/\/dentalabril.com\/ca\/wp-json\/wp\/v2\/media\/1110"}],"wp:attachment":[{"href":"https:\/\/dentalabril.com\/ca\/wp-json\/wp\/v2\/media?parent=1766"}],"wp:term":[{"taxonomy":"category","embeddable":true,"href":"https:\/\/dentalabril.com\/ca\/wp-json\/wp\/v2\/categories?post=1766"},{"taxonomy":"post_tag","embeddable":true,"href":"https:\/\/dentalabril.com\/ca\/wp-json\/wp\/v2\/tags?post=1766"}],"curies":[{"name":"wp","href":"https:\/\/api.w.org\/{rel}","templated":true}]}}