{"id":1470,"date":"2020-10-23T12:00:36","date_gmt":"2020-10-23T12:00:36","guid":{"rendered":"https:\/\/dentalabril.com\/?p=1470"},"modified":"2022-07-21T08:40:00","modified_gmt":"2022-07-21T08:40:00","slug":"bruxismo-causas-tratamiento","status":"publish","type":"post","link":"https:\/\/dentalabril.com\/ca\/bruxismo-causas-tratamiento\/","title":{"rendered":"\u00bfQu\u00e9 es el bruxismo? Causas principales y tratamiento"},"content":{"rendered":"<p><span style=\"font-weight: 400;\">El bruxismo es una patolog\u00eda que sufre aproximadamente un 70% de la poblaci\u00f3n en Espa\u00f1a, que consiste en la acci\u00f3n de apretar de forma inconsciente la mand\u00edbula y rechinar los dientes, ya sea durante el d\u00eda o mientras se duerme, produciendo su desgaste.\u00a0<\/span><span style=\"font-weight: 400;\">En la mayor\u00eda de los casos, la persona afectada no es consciente, pudiendo provocar un desgaste extremo de su dentadura y dolor en la musculatura mandibular. <\/span><span style=\"font-weight: 400;\">Es por eso que hoy te contamos cu\u00e1les son las causas principales de esta patolog\u00eda y te ayudamos a saber c\u00f3mo tratarla adecuadamente.<\/span><\/p>\n<h2><\/h2>\n<p>&nbsp;<\/p>\n<h2><b>Causas principales del bruxismo<\/b><\/h2>\n<ul>\n<li><span style=\"font-weight: 400;\">Aunque existen diversas teor\u00edas sobre las causas del bruxismo, se considera que uno de los factores principales desencadenantes de esta patolog\u00eda es el <\/span><b>estr\u00e9s<\/b><span style=\"font-weight: 400;\">. <\/span>Aquellas personas que soportan altos niveles de tensi\u00f3n en su d\u00eda a d\u00eda, suelen ser m\u00e1s propensas a forzar la mand\u00edbula de forma inconsciente ante estas situaciones.<\/li>\n<\/ul>\n<ul>\n<li><span style=\"font-weight: 400;\">La <\/span><b>alineaci\u00f3n inadecuada de los dientes<\/b><span style=\"font-weight: 400;\"> tambi\u00e9n es una de las causas principales del bruxismo, ya que se puede producir un desgaste por el intento de mejorar una correcta oclusi\u00f3n.<\/span><\/li>\n<\/ul>\n<ul>\n<li><span style=\"font-weight: 400;\">Una <\/span><b>alimentaci\u00f3n poco saludable,<\/b><span style=\"font-weight: 400;\"> con un consumo excesivo de dulces tambi\u00e9n puede ser una causa importante de esta patolog\u00eda.<\/span><\/li>\n<\/ul>\n<p>&nbsp;<\/p>\n<h2><b>\u00bfC\u00f3mo podemos tratarlo?<\/b><\/h2>\n<p><span style=\"font-weight: 400;\">Existen m\u00faltiples formas de tratar el bruxismo dependiendo de la situaci\u00f3n espec\u00edfica de cada paciente. <\/span><\/p>\n<p><span style=\"font-weight: 400;\">En caso de bruxismo leve, se recomienda comenzar con una mejora de los h\u00e1bitos alimenticios, evitando comer alimentos demasiado dulces o muy duros, mejorando nuestra hidrataci\u00f3n y realizando ejercicios de relajaci\u00f3n.<\/span><\/p>\n<p><span style=\"font-weight: 400;\">Aun as\u00ed, en la mayor\u00eda de los casos, especialmente cuando se trata de bruxismo de predominio nocturno, se recomienda al paciente el uso de una <\/span><b>f\u00e9rula de descarga<\/b><span style=\"font-weight: 400;\">.\u00a0<\/span><\/p>\n<p><span style=\"font-weight: 400;\">Se trata de una pr\u00f3tesis ajustada a la dentadura, que debe colocarse durante las horas de sue\u00f1o para intentar relajar y evitar el rechinar de los dientes con el consecuente desgaste del esmalte. <\/span><span style=\"font-weight: 400;\">En casos de bruxismo m\u00e1s avanzado en los que existe un desgaste dental importante, se recomienda rehabilitar las piezas dentales con el fin de recuperar la posici\u00f3n articular id\u00f3nea, ya que de lo contrario ser\u00e1 muy dif\u00edcil conseguir la oclusi\u00f3n adecuada.<\/span><\/p>\n<p>&nbsp;<\/p>\n<p><span style=\"font-weight: 400;\">En nuestra Cl\u00ednica Dental Abril, estamos a tu disposici\u00f3n para asesorarte sobre los mejores tratamientos para cuidar de tu salud bucodental. No lo pienses m\u00e1s y ponte en contacto con nosotros si necesitas ayuda en el n\u00famero de tel\u00e9fono 93 476 22 40.<\/span><\/p>\n","protected":false},"excerpt":{"rendered":"<p>El bruxismo es una patolog\u00eda que sufre aproximadamente un 70% de la poblaci\u00f3n en Espa\u00f1a, que consiste en la acci\u00f3n de apretar de forma inconsciente la mand\u00edbula y rechinar los dientes, ya sea durante el d\u00eda o mientras se duerme, produciendo su desgaste.\u00a0En la mayor\u00eda de los casos, la persona afectada no es consciente, pudiendo [&hellip;]<\/p>\n","protected":false},"author":4,"featured_media":1477,"comment_status":"open","ping_status":"closed","sticky":false,"template":"","format":"standard","meta":{"_joinchat":[],"footnotes":"","_wpscppro_custom_social_share_image":0,"_facebook_share_type":"","_twitter_share_type":"","_linkedin_share_type":"","_pinterest_share_type":"","_linkedin_share_type_page":"","_instagram_share_type":"","_medium_share_type":"","_selected_social_profile":[]},"categories":[1],"tags":[112,108],"class_list":{"0":"post-1470","1":"post","2":"type-post","3":"status-publish","4":"format-standard","5":"has-post-thumbnail","7":"category-sin-categoria","8":"tag-bruxismo","9":"tag-salud-oral"},"yoast_head":"<!-- This site is optimized with the Yoast SEO plugin v23.1 - https:\/\/yoast.com\/wordpress\/plugins\/seo\/ -->\n<title>\u00bfQu\u00e9 es el bruxismo? Causas principales y tratamiento | Cl\u00ednica dental Abril<\/title>\n<meta name=\"robots\" content=\"index, follow, max-snippet:-1, max-image-preview:large, max-video-preview:-1\" \/>\n<link rel=\"canonical\" href=\"https:\/\/dentalabril.com\/bruxismo-causas-tratamiento\/\" \/>\n<meta property=\"og:locale\" content=\"ca_ES\" \/>\n<meta property=\"og:type\" content=\"article\" \/>\n<meta property=\"og:title\" content=\"\u00bfQu\u00e9 es el bruxismo? Causas principales y tratamiento | Cl\u00ednica dental Abril\" \/>\n<meta property=\"og:description\" content=\"El bruxismo es una patolog\u00eda que sufre aproximadamente un 70% de la poblaci\u00f3n en Espa\u00f1a, que consiste en la acci\u00f3n de apretar de forma inconsciente la mand\u00edbula y rechinar los dientes, ya sea durante el d\u00eda o mientras se duerme, produciendo su desgaste.\u00a0En la mayor\u00eda de los casos, la persona afectada no es consciente, pudiendo [&hellip;]\" \/>\n<meta property=\"og:url\" content=\"https:\/\/dentalabril.com\/bruxismo-causas-tratamiento\/\" \/>\n<meta property=\"og:site_name\" content=\"Cl\u00ednica dental Abril\" \/>\n<meta property=\"article:publisher\" content=\"https:\/\/www.facebook.com\/clinicadentalabril\/\" \/>\n<meta property=\"article:published_time\" content=\"2020-10-23T12:00:36+00:00\" \/>\n<meta property=\"article:modified_time\" content=\"2022-07-21T08:40:00+00:00\" \/>\n<meta property=\"og:image\" content=\"https:\/\/dentalabril.com\/wp-content\/uploads\/2020\/05\/bruxismo-1280x720-1.jpg\" \/>\n\t<meta property=\"og:image:width\" content=\"1280\" \/>\n\t<meta property=\"og:image:height\" content=\"720\" \/>\n\t<meta property=\"og:image:type\" content=\"image\/jpeg\" \/>\n<meta name=\"author\" content=\"Cl\u00ednica Dental Abril\" \/>\n<meta name=\"twitter:card\" content=\"summary_large_image\" \/>\n<meta name=\"twitter:label1\" content=\"Escrit per\" \/>\n\t<meta name=\"twitter:data1\" content=\"Cl\u00ednica Dental Abril\" \/>\n\t<meta name=\"twitter:label2\" content=\"Temps estimat de lectura\" \/>\n\t<meta name=\"twitter:data2\" content=\"2 minuts\" \/>\n<script type=\"application\/ld+json\" class=\"yoast-schema-graph\">{\"@context\":\"https:\/\/schema.org\",\"@graph\":[{\"@type\":\"Article\",\"@id\":\"https:\/\/dentalabril.com\/bruxismo-causas-tratamiento\/#article\",\"isPartOf\":{\"@id\":\"https:\/\/dentalabril.com\/bruxismo-causas-tratamiento\/\"},\"author\":{\"name\":\"Cl\u00ednica Dental Abril\",\"@id\":\"https:\/\/dentalabril.com\/#\/schema\/person\/ee1913365f94afb96f63b997cada040c\"},\"headline\":\"\u00bfQu\u00e9 es el bruxismo? Causas principales y tratamiento\",\"datePublished\":\"2020-10-23T12:00:36+00:00\",\"dateModified\":\"2022-07-21T08:40:00+00:00\",\"mainEntityOfPage\":{\"@id\":\"https:\/\/dentalabril.com\/bruxismo-causas-tratamiento\/\"},\"wordCount\":441,\"commentCount\":0,\"publisher\":{\"@id\":\"https:\/\/dentalabril.com\/#organization\"},\"image\":{\"@id\":\"https:\/\/dentalabril.com\/bruxismo-causas-tratamiento\/#primaryimage\"},\"thumbnailUrl\":\"https:\/\/dentalabril.com\/wp-content\/uploads\/2020\/05\/bruxismo-1280x720-1.jpg\",\"keywords\":[\"bruxismo\",\"salud oral\"],\"articleSection\":[\"blog-tratamientos\"],\"inLanguage\":\"ca\",\"potentialAction\":[{\"@type\":\"CommentAction\",\"name\":\"Comment\",\"target\":[\"https:\/\/dentalabril.com\/bruxismo-causas-tratamiento\/#respond\"]}]},{\"@type\":\"WebPage\",\"@id\":\"https:\/\/dentalabril.com\/bruxismo-causas-tratamiento\/\",\"url\":\"https:\/\/dentalabril.com\/bruxismo-causas-tratamiento\/\",\"name\":\"\u00bfQu\u00e9 es el bruxismo? Causas principales y tratamiento | Cl\u00ednica dental Abril\",\"isPartOf\":{\"@id\":\"https:\/\/dentalabril.com\/#website\"},\"primaryImageOfPage\":{\"@id\":\"https:\/\/dentalabril.com\/bruxismo-causas-tratamiento\/#primaryimage\"},\"image\":{\"@id\":\"https:\/\/dentalabril.com\/bruxismo-causas-tratamiento\/#primaryimage\"},\"thumbnailUrl\":\"https:\/\/dentalabril.com\/wp-content\/uploads\/2020\/05\/bruxismo-1280x720-1.jpg\",\"datePublished\":\"2020-10-23T12:00:36+00:00\",\"dateModified\":\"2022-07-21T08:40:00+00:00\",\"breadcrumb\":{\"@id\":\"https:\/\/dentalabril.com\/bruxismo-causas-tratamiento\/#breadcrumb\"},\"inLanguage\":\"ca\",\"potentialAction\":[{\"@type\":\"ReadAction\",\"target\":[\"https:\/\/dentalabril.com\/bruxismo-causas-tratamiento\/\"]}]},{\"@type\":\"ImageObject\",\"inLanguage\":\"ca\",\"@id\":\"https:\/\/dentalabril.com\/bruxismo-causas-tratamiento\/#primaryimage\",\"url\":\"https:\/\/dentalabril.com\/wp-content\/uploads\/2020\/05\/bruxismo-1280x720-1.jpg\",\"contentUrl\":\"https:\/\/dentalabril.com\/wp-content\/uploads\/2020\/05\/bruxismo-1280x720-1.jpg\",\"width\":1280,\"height\":720,\"caption\":\"bruxismo causas y tratamiento\"},{\"@type\":\"BreadcrumbList\",\"@id\":\"https:\/\/dentalabril.com\/bruxismo-causas-tratamiento\/#breadcrumb\",\"itemListElement\":[{\"@type\":\"ListItem\",\"position\":1,\"name\":\"Portada\",\"item\":\"https:\/\/dentalabril.com\/ca\/clinica-dental-abril-a-barcelona\/\"},{\"@type\":\"ListItem\",\"position\":2,\"name\":\"\u00bfQu\u00e9 es el bruxismo? Causas principales y tratamiento\"}]},{\"@type\":\"WebSite\",\"@id\":\"https:\/\/dentalabril.com\/#website\",\"url\":\"https:\/\/dentalabril.com\/\",\"name\":\"Cl\u00ednica Dental Abril\",\"description\":\"Tu cl\u00ednica dental en Barcelona\",\"publisher\":{\"@id\":\"https:\/\/dentalabril.com\/#organization\"},\"alternateName\":\"Dental Abril\",\"potentialAction\":[{\"@type\":\"SearchAction\",\"target\":{\"@type\":\"EntryPoint\",\"urlTemplate\":\"https:\/\/dentalabril.com\/?s={search_term_string}\"},\"query-input\":\"required name=search_term_string\"}],\"inLanguage\":\"ca\"},{\"@type\":\"Organization\",\"@id\":\"https:\/\/dentalabril.com\/#organization\",\"name\":\"Cl\u00ednica Dental Abril\",\"alternateName\":\"Dental Abril\",\"url\":\"https:\/\/dentalabril.com\/\",\"logo\":{\"@type\":\"ImageObject\",\"inLanguage\":\"ca\",\"@id\":\"https:\/\/dentalabril.com\/#\/schema\/logo\/image\/\",\"url\":\"https:\/\/dentalabril.com\/wp-content\/uploads\/2023\/03\/BBceBSJt_400x400.jpg\",\"contentUrl\":\"https:\/\/dentalabril.com\/wp-content\/uploads\/2023\/03\/BBceBSJt_400x400.jpg\",\"width\":400,\"height\":400,\"caption\":\"Cl\u00ednica Dental Abril\"},\"image\":{\"@id\":\"https:\/\/dentalabril.com\/#\/schema\/logo\/image\/\"},\"sameAs\":[\"https:\/\/www.facebook.com\/clinicadentalabril\/\",\"https:\/\/www.instagram.com\/dentalabril\/\"]},{\"@type\":\"Person\",\"@id\":\"https:\/\/dentalabril.com\/#\/schema\/person\/ee1913365f94afb96f63b997cada040c\",\"name\":\"Cl\u00ednica Dental Abril\",\"image\":{\"@type\":\"ImageObject\",\"inLanguage\":\"ca\",\"@id\":\"https:\/\/dentalabril.com\/#\/schema\/person\/image\/\",\"url\":\"https:\/\/secure.gravatar.com\/avatar\/d2f687b6c686a7cf6497784acd058e7d?s=96&d=mm&r=g\",\"contentUrl\":\"https:\/\/secure.gravatar.com\/avatar\/d2f687b6c686a7cf6497784acd058e7d?s=96&d=mm&r=g\",\"caption\":\"Cl\u00ednica Dental Abril\"},\"url\":\"https:\/\/dentalabril.com\/ca\/author\/clinicadentalabril\/\"}]}<\/script>\n<!-- \/ Yoast SEO plugin. -->","yoast_head_json":{"title":"\u00bfQu\u00e9 es el bruxismo? Causas principales y tratamiento | Cl\u00ednica dental Abril","robots":{"index":"index","follow":"follow","max-snippet":"max-snippet:-1","max-image-preview":"max-image-preview:large","max-video-preview":"max-video-preview:-1"},"canonical":"https:\/\/dentalabril.com\/bruxismo-causas-tratamiento\/","og_locale":"ca_ES","og_type":"article","og_title":"\u00bfQu\u00e9 es el bruxismo? Causas principales y tratamiento | Cl\u00ednica dental Abril","og_description":"El bruxismo es una patolog\u00eda que sufre aproximadamente un 70% de la poblaci\u00f3n en Espa\u00f1a, que consiste en la acci\u00f3n de apretar de forma inconsciente la mand\u00edbula y rechinar los dientes, ya sea durante el d\u00eda o mientras se duerme, produciendo su desgaste.\u00a0En la mayor\u00eda de los casos, la persona afectada no es consciente, pudiendo [&hellip;]","og_url":"https:\/\/dentalabril.com\/bruxismo-causas-tratamiento\/","og_site_name":"Cl\u00ednica dental Abril","article_publisher":"https:\/\/www.facebook.com\/clinicadentalabril\/","article_published_time":"2020-10-23T12:00:36+00:00","article_modified_time":"2022-07-21T08:40:00+00:00","og_image":[{"width":1280,"height":720,"url":"https:\/\/dentalabril.com\/wp-content\/uploads\/2020\/05\/bruxismo-1280x720-1.jpg","type":"image\/jpeg"}],"author":"Cl\u00ednica Dental Abril","twitter_card":"summary_large_image","twitter_misc":{"Escrit per":"Cl\u00ednica Dental Abril","Temps estimat de lectura":"2 minuts"},"schema":{"@context":"https:\/\/schema.org","@graph":[{"@type":"Article","@id":"https:\/\/dentalabril.com\/bruxismo-causas-tratamiento\/#article","isPartOf":{"@id":"https:\/\/dentalabril.com\/bruxismo-causas-tratamiento\/"},"author":{"name":"Cl\u00ednica Dental Abril","@id":"https:\/\/dentalabril.com\/#\/schema\/person\/ee1913365f94afb96f63b997cada040c"},"headline":"\u00bfQu\u00e9 es el bruxismo? Causas principales y tratamiento","datePublished":"2020-10-23T12:00:36+00:00","dateModified":"2022-07-21T08:40:00+00:00","mainEntityOfPage":{"@id":"https:\/\/dentalabril.com\/bruxismo-causas-tratamiento\/"},"wordCount":441,"commentCount":0,"publisher":{"@id":"https:\/\/dentalabril.com\/#organization"},"image":{"@id":"https:\/\/dentalabril.com\/bruxismo-causas-tratamiento\/#primaryimage"},"thumbnailUrl":"https:\/\/dentalabril.com\/wp-content\/uploads\/2020\/05\/bruxismo-1280x720-1.jpg","keywords":["bruxismo","salud oral"],"articleSection":["blog-tratamientos"],"inLanguage":"ca","potentialAction":[{"@type":"CommentAction","name":"Comment","target":["https:\/\/dentalabril.com\/bruxismo-causas-tratamiento\/#respond"]}]},{"@type":"WebPage","@id":"https:\/\/dentalabril.com\/bruxismo-causas-tratamiento\/","url":"https:\/\/dentalabril.com\/bruxismo-causas-tratamiento\/","name":"\u00bfQu\u00e9 es el bruxismo? Causas principales y tratamiento | Cl\u00ednica dental Abril","isPartOf":{"@id":"https:\/\/dentalabril.com\/#website"},"primaryImageOfPage":{"@id":"https:\/\/dentalabril.com\/bruxismo-causas-tratamiento\/#primaryimage"},"image":{"@id":"https:\/\/dentalabril.com\/bruxismo-causas-tratamiento\/#primaryimage"},"thumbnailUrl":"https:\/\/dentalabril.com\/wp-content\/uploads\/2020\/05\/bruxismo-1280x720-1.jpg","datePublished":"2020-10-23T12:00:36+00:00","dateModified":"2022-07-21T08:40:00+00:00","breadcrumb":{"@id":"https:\/\/dentalabril.com\/bruxismo-causas-tratamiento\/#breadcrumb"},"inLanguage":"ca","potentialAction":[{"@type":"ReadAction","target":["https:\/\/dentalabril.com\/bruxismo-causas-tratamiento\/"]}]},{"@type":"ImageObject","inLanguage":"ca","@id":"https:\/\/dentalabril.com\/bruxismo-causas-tratamiento\/#primaryimage","url":"https:\/\/dentalabril.com\/wp-content\/uploads\/2020\/05\/bruxismo-1280x720-1.jpg","contentUrl":"https:\/\/dentalabril.com\/wp-content\/uploads\/2020\/05\/bruxismo-1280x720-1.jpg","width":1280,"height":720,"caption":"bruxismo causas y tratamiento"},{"@type":"BreadcrumbList","@id":"https:\/\/dentalabril.com\/bruxismo-causas-tratamiento\/#breadcrumb","itemListElement":[{"@type":"ListItem","position":1,"name":"Portada","item":"https:\/\/dentalabril.com\/ca\/clinica-dental-abril-a-barcelona\/"},{"@type":"ListItem","position":2,"name":"\u00bfQu\u00e9 es el bruxismo? Causas principales y tratamiento"}]},{"@type":"WebSite","@id":"https:\/\/dentalabril.com\/#website","url":"https:\/\/dentalabril.com\/","name":"Cl\u00ednica Dental Abril","description":"Tu cl\u00ednica dental en Barcelona","publisher":{"@id":"https:\/\/dentalabril.com\/#organization"},"alternateName":"Dental Abril","potentialAction":[{"@type":"SearchAction","target":{"@type":"EntryPoint","urlTemplate":"https:\/\/dentalabril.com\/?s={search_term_string}"},"query-input":"required name=search_term_string"}],"inLanguage":"ca"},{"@type":"Organization","@id":"https:\/\/dentalabril.com\/#organization","name":"Cl\u00ednica Dental Abril","alternateName":"Dental Abril","url":"https:\/\/dentalabril.com\/","logo":{"@type":"ImageObject","inLanguage":"ca","@id":"https:\/\/dentalabril.com\/#\/schema\/logo\/image\/","url":"https:\/\/dentalabril.com\/wp-content\/uploads\/2023\/03\/BBceBSJt_400x400.jpg","contentUrl":"https:\/\/dentalabril.com\/wp-content\/uploads\/2023\/03\/BBceBSJt_400x400.jpg","width":400,"height":400,"caption":"Cl\u00ednica Dental Abril"},"image":{"@id":"https:\/\/dentalabril.com\/#\/schema\/logo\/image\/"},"sameAs":["https:\/\/www.facebook.com\/clinicadentalabril\/","https:\/\/www.instagram.com\/dentalabril\/"]},{"@type":"Person","@id":"https:\/\/dentalabril.com\/#\/schema\/person\/ee1913365f94afb96f63b997cada040c","name":"Cl\u00ednica Dental Abril","image":{"@type":"ImageObject","inLanguage":"ca","@id":"https:\/\/dentalabril.com\/#\/schema\/person\/image\/","url":"https:\/\/secure.gravatar.com\/avatar\/d2f687b6c686a7cf6497784acd058e7d?s=96&d=mm&r=g","contentUrl":"https:\/\/secure.gravatar.com\/avatar\/d2f687b6c686a7cf6497784acd058e7d?s=96&d=mm&r=g","caption":"Cl\u00ednica Dental Abril"},"url":"https:\/\/dentalabril.com\/ca\/author\/clinicadentalabril\/"}]}},"_links":{"self":[{"href":"https:\/\/dentalabril.com\/ca\/wp-json\/wp\/v2\/posts\/1470"}],"collection":[{"href":"https:\/\/dentalabril.com\/ca\/wp-json\/wp\/v2\/posts"}],"about":[{"href":"https:\/\/dentalabril.com\/ca\/wp-json\/wp\/v2\/types\/post"}],"author":[{"embeddable":true,"href":"https:\/\/dentalabril.com\/ca\/wp-json\/wp\/v2\/users\/4"}],"replies":[{"embeddable":true,"href":"https:\/\/dentalabril.com\/ca\/wp-json\/wp\/v2\/comments?post=1470"}],"version-history":[{"count":0,"href":"https:\/\/dentalabril.com\/ca\/wp-json\/wp\/v2\/posts\/1470\/revisions"}],"wp:featuredmedia":[{"embeddable":true,"href":"https:\/\/dentalabril.com\/ca\/wp-json\/wp\/v2\/media\/1477"}],"wp:attachment":[{"href":"https:\/\/dentalabril.com\/ca\/wp-json\/wp\/v2\/media?parent=1470"}],"wp:term":[{"taxonomy":"category","embeddable":true,"href":"https:\/\/dentalabril.com\/ca\/wp-json\/wp\/v2\/categories?post=1470"},{"taxonomy":"post_tag","embeddable":true,"href":"https:\/\/dentalabril.com\/ca\/wp-json\/wp\/v2\/tags?post=1470"}],"curies":[{"name":"wp","href":"https:\/\/api.w.org\/{rel}","templated":true}]}}