{"id":1251,"date":"2022-04-10T13:25:01","date_gmt":"2022-04-10T11:25:01","guid":{"rendered":"http:\/\/dentalabril.com\/?p=1251"},"modified":"2024-01-18T17:01:43","modified_gmt":"2024-01-18T16:01:43","slug":"soluciones-caries-dentales","status":"publish","type":"post","link":"https:\/\/dentalabril.com\/ca\/soluciones-caries-dentales\/","title":{"rendered":"Soluciones para acabar con las caries"},"content":{"rendered":"<p><span style=\"font-weight: 400;\">Hoy en d\u00eda con la cantidad de alimentos que hay en el mercado con az\u00facares refinados es muy f\u00e1cil padecer caries en los dientes. Sobretodo en los <\/span><a href=\"https:\/\/es.wikipedia.org\/wiki\/Diente_molar\"><span style=\"font-weight: 400;\">dientes molares<\/span><\/a><span style=\"font-weight: 400;\"> o <\/span><a href=\"https:\/\/es.wikipedia.org\/wiki\/Muela_del_juicio\"><span style=\"font-weight: 400;\">muelas del juicio<\/span><\/a><span style=\"font-weight: 400;\">, que son los dientes que m\u00e1s cuestan de cepillar correctamente. <\/span><\/p>\n<p>&nbsp;<\/p>\n<p><span style=\"font-weight: 400;\">En el post de hoy os informaremos de la soluci\u00f3n para tratar las caries. Pero primero, vamos a ver que es una caries.<\/span><\/p>\n<p>&nbsp;<\/p>\n<h4><b>\u00bfQu\u00e9 es una caries y c\u00f3mo detectarla?<\/b><\/h4>\n<p><span style=\"font-weight: 400;\">Una caries es una <\/span><a href=\"https:\/\/www.colgate.com\/es-py\/oral-health\/conditions\/tooth-sensitivity\/enamel-erosion-how-it-affects-your-teeth\"><span style=\"font-weight: 400;\">erosi\u00f3n del esmalte<\/span><\/a><span style=\"font-weight: 400;\">. Los primeros signos de las caries dental suelen ser unas manchas blancas sobre la superficie dental, que indican una desmineralizaci\u00f3n del esmalte.<\/span><\/p>\n<p><span style=\"font-weight: 400;\">Si la lesi\u00f3n avanza, rompe el esmalte y se vuelve de color marr\u00f3n produciendo una cavidad.<\/span><\/p>\n<div id=\"attachment_1252\" style=\"width: 310px\" class=\"wp-caption aligncenter\"><img decoding=\"async\" aria-describedby=\"caption-attachment-1252\" class=\"wp-image-1252 size-medium\" src=\"http:\/\/dentalabril.com\/wp-content\/uploads\/2019\/03\/Como-saber-si-tengo-caries-300x118.png\" alt=\"Caries dental\" width=\"300\" height=\"118\" srcset=\"https:\/\/dentalabril.com\/wp-content\/uploads\/2019\/03\/Como-saber-si-tengo-caries-300x118.png 300w, https:\/\/dentalabril.com\/wp-content\/uploads\/2019\/03\/Como-saber-si-tengo-caries-768x303.png 768w, https:\/\/dentalabril.com\/wp-content\/uploads\/2019\/03\/Como-saber-si-tengo-caries.png 1024w, https:\/\/dentalabril.com\/wp-content\/uploads\/2019\/03\/Como-saber-si-tengo-caries-968x382.png 968w, https:\/\/dentalabril.com\/wp-content\/uploads\/2019\/03\/Como-saber-si-tengo-caries-636x251.png 636w, https:\/\/dentalabril.com\/wp-content\/uploads\/2019\/03\/Como-saber-si-tengo-caries-320x126.png 320w, https:\/\/dentalabril.com\/wp-content\/uploads\/2019\/03\/Como-saber-si-tengo-caries-239x94.png 239w\" sizes=\"(max-width: 300px) 100vw, 300px\" \/><p id=\"caption-attachment-1252\" class=\"wp-caption-text\">Caries dental<\/p><\/div>\n<h4><b>\u00bfQu\u00e9 causa la caries?<\/b><\/h4>\n<p><span style=\"font-weight: 400;\">La caries est\u00e1 causada por determinados tipos de bacterias que producen \u00e1cido. Este \u00e1cido ataca el esmalte de la superficie dental. Una vez se haya roto la superficie del esmalte, el diente ya es incapaz de repararse por s\u00ed solo y hay que acudir al dentista. <\/span><\/p>\n<p>&nbsp;<\/p>\n<h4><b>Soluci\u00f3n: Empastes de resina \/ composite<\/b><\/h4>\n<p><span style=\"font-weight: 400;\">Los empastes de resina son una alternativa est\u00e9tica, sobretodo en las piezas posteriores de la mand\u00edbula m\u00e1s expuestas a sonre\u00edr, cuando la cavidad tras eliminar la caries no es muy grande. <\/span><\/p>\n<p>&nbsp;<\/p>\n<p><span style=\"font-weight: 400;\">Esta opci\u00f3n puede ser la mejor si:<\/span><\/p>\n<p>&nbsp;<\/p>\n<ul>\n<li style=\"font-weight: 400;\"><span style=\"font-weight: 400;\">El tama\u00f1o del empaste es peque\u00f1o y se encuentra en una zona visible<\/span><\/li>\n<li style=\"font-weight: 400;\"><span style=\"font-weight: 400;\">Quiere reducir al m\u00e1ximo el coste y el tiempo invertido<\/span><\/li>\n<li style=\"font-weight: 400;\"><span style=\"font-weight: 400;\">Acepta una opci\u00f3n menos duradera y menos resistente<\/span><\/li>\n<li style=\"font-weight: 400;\"><span style=\"font-weight: 400;\">Desea mantener la mayor estructura dental posible<\/span><\/li>\n<\/ul>\n<p>&nbsp;<\/p>\n<p><span style=\"font-weight: 400;\">Recuerda que en <\/span><b>Cl\u00ednica Abril <\/b><span style=\"font-weight: 400;\">estaremos encantados de atenderte en caso de que quieras informarte m\u00e1s sobre las caries dentales o quieras realizarte un tratamiento para combatirlas. \u00a0<\/span><b>\u00a1Te esperamos en c\/ Rosell\u00f3n, 372, 1\u00ba2\u00aa 08025, Barcelona !<\/b><\/p>\n","protected":false},"excerpt":{"rendered":"<p>Hoy en d\u00eda con la cantidad de alimentos que hay en el mercado con az\u00facares refinados es muy f\u00e1cil padecer caries en los dientes. Sobretodo en los dientes molares o muelas del juicio, que son los dientes que m\u00e1s cuestan de cepillar correctamente. &nbsp; En el post de hoy os informaremos de la soluci\u00f3n para [&hellip;]<\/p>\n","protected":false},"author":4,"featured_media":1254,"comment_status":"closed","ping_status":"closed","sticky":false,"template":"","format":"standard","meta":{"_joinchat":[],"footnotes":"","_wpscppro_custom_social_share_image":0,"_facebook_share_type":"","_twitter_share_type":"","_linkedin_share_type":"","_pinterest_share_type":"","_linkedin_share_type_page":"","_instagram_share_type":"","_medium_share_type":"","_selected_social_profile":[]},"categories":[1],"tags":[],"class_list":{"0":"post-1251","1":"post","2":"type-post","3":"status-publish","4":"format-standard","5":"has-post-thumbnail","7":"category-sin-categoria"},"yoast_head":"<!-- This site is optimized with the Yoast SEO plugin v23.1 - https:\/\/yoast.com\/wordpress\/plugins\/seo\/ -->\n<title>Soluciones para acabar con las caries | Cl\u00ednica dental Abril<\/title>\n<meta name=\"robots\" content=\"index, follow, max-snippet:-1, max-image-preview:large, max-video-preview:-1\" \/>\n<link rel=\"canonical\" href=\"https:\/\/dentalabril.com\/soluciones-caries-dentales\/\" \/>\n<meta property=\"og:locale\" content=\"ca_ES\" \/>\n<meta property=\"og:type\" content=\"article\" \/>\n<meta property=\"og:title\" content=\"Soluciones para acabar con las caries | Cl\u00ednica dental Abril\" \/>\n<meta property=\"og:description\" content=\"Hoy en d\u00eda con la cantidad de alimentos que hay en el mercado con az\u00facares refinados es muy f\u00e1cil padecer caries en los dientes. Sobretodo en los dientes molares o muelas del juicio, que son los dientes que m\u00e1s cuestan de cepillar correctamente. &nbsp; En el post de hoy os informaremos de la soluci\u00f3n para [&hellip;]\" \/>\n<meta property=\"og:url\" content=\"https:\/\/dentalabril.com\/soluciones-caries-dentales\/\" \/>\n<meta property=\"og:site_name\" content=\"Cl\u00ednica dental Abril\" \/>\n<meta property=\"article:publisher\" content=\"https:\/\/www.facebook.com\/clinicadentalabril\/\" \/>\n<meta property=\"article:published_time\" content=\"2022-04-10T11:25:01+00:00\" \/>\n<meta property=\"article:modified_time\" content=\"2024-01-18T16:01:43+00:00\" \/>\n<meta property=\"og:image\" content=\"https:\/\/dentalabril.com\/wp-content\/uploads\/2019\/01\/Como-saber-si-tengo-caries.png\" \/>\n\t<meta property=\"og:image:width\" content=\"1024\" \/>\n\t<meta property=\"og:image:height\" content=\"404\" \/>\n\t<meta property=\"og:image:type\" content=\"image\/png\" \/>\n<meta name=\"author\" content=\"Cl\u00ednica Dental Abril\" \/>\n<meta name=\"twitter:card\" content=\"summary_large_image\" \/>\n<meta name=\"twitter:label1\" content=\"Escrit per\" \/>\n\t<meta name=\"twitter:data1\" content=\"Cl\u00ednica Dental Abril\" \/>\n\t<meta name=\"twitter:label2\" content=\"Temps estimat de lectura\" \/>\n\t<meta name=\"twitter:data2\" content=\"2 minuts\" \/>\n<script type=\"application\/ld+json\" class=\"yoast-schema-graph\">{\"@context\":\"https:\/\/schema.org\",\"@graph\":[{\"@type\":\"Article\",\"@id\":\"https:\/\/dentalabril.com\/soluciones-caries-dentales\/#article\",\"isPartOf\":{\"@id\":\"https:\/\/dentalabril.com\/soluciones-caries-dentales\/\"},\"author\":{\"name\":\"Cl\u00ednica Dental Abril\",\"@id\":\"https:\/\/dentalabril.com\/#\/schema\/person\/ee1913365f94afb96f63b997cada040c\"},\"headline\":\"Soluciones para acabar con las caries\",\"datePublished\":\"2022-04-10T11:25:01+00:00\",\"dateModified\":\"2024-01-18T16:01:43+00:00\",\"mainEntityOfPage\":{\"@id\":\"https:\/\/dentalabril.com\/soluciones-caries-dentales\/\"},\"wordCount\":326,\"publisher\":{\"@id\":\"https:\/\/dentalabril.com\/#organization\"},\"image\":{\"@id\":\"https:\/\/dentalabril.com\/soluciones-caries-dentales\/#primaryimage\"},\"thumbnailUrl\":\"https:\/\/dentalabril.com\/wp-content\/uploads\/2019\/01\/Como-saber-si-tengo-caries.png\",\"articleSection\":[\"blog-tratamientos\"],\"inLanguage\":\"ca\"},{\"@type\":\"WebPage\",\"@id\":\"https:\/\/dentalabril.com\/soluciones-caries-dentales\/\",\"url\":\"https:\/\/dentalabril.com\/soluciones-caries-dentales\/\",\"name\":\"Soluciones para acabar con las caries | Cl\u00ednica dental Abril\",\"isPartOf\":{\"@id\":\"https:\/\/dentalabril.com\/#website\"},\"primaryImageOfPage\":{\"@id\":\"https:\/\/dentalabril.com\/soluciones-caries-dentales\/#primaryimage\"},\"image\":{\"@id\":\"https:\/\/dentalabril.com\/soluciones-caries-dentales\/#primaryimage\"},\"thumbnailUrl\":\"https:\/\/dentalabril.com\/wp-content\/uploads\/2019\/01\/Como-saber-si-tengo-caries.png\",\"datePublished\":\"2022-04-10T11:25:01+00:00\",\"dateModified\":\"2024-01-18T16:01:43+00:00\",\"breadcrumb\":{\"@id\":\"https:\/\/dentalabril.com\/soluciones-caries-dentales\/#breadcrumb\"},\"inLanguage\":\"ca\",\"potentialAction\":[{\"@type\":\"ReadAction\",\"target\":[\"https:\/\/dentalabril.com\/soluciones-caries-dentales\/\"]}]},{\"@type\":\"ImageObject\",\"inLanguage\":\"ca\",\"@id\":\"https:\/\/dentalabril.com\/soluciones-caries-dentales\/#primaryimage\",\"url\":\"https:\/\/dentalabril.com\/wp-content\/uploads\/2019\/01\/Como-saber-si-tengo-caries.png\",\"contentUrl\":\"https:\/\/dentalabril.com\/wp-content\/uploads\/2019\/01\/Como-saber-si-tengo-caries.png\",\"width\":1024,\"height\":404,\"caption\":\"Caries dental\"},{\"@type\":\"BreadcrumbList\",\"@id\":\"https:\/\/dentalabril.com\/soluciones-caries-dentales\/#breadcrumb\",\"itemListElement\":[{\"@type\":\"ListItem\",\"position\":1,\"name\":\"Portada\",\"item\":\"https:\/\/dentalabril.com\/ca\/clinica-dental-abril-a-barcelona\/\"},{\"@type\":\"ListItem\",\"position\":2,\"name\":\"Soluciones para acabar con las caries\"}]},{\"@type\":\"WebSite\",\"@id\":\"https:\/\/dentalabril.com\/#website\",\"url\":\"https:\/\/dentalabril.com\/\",\"name\":\"Cl\u00ednica Dental Abril\",\"description\":\"Tu cl\u00ednica dental en Barcelona\",\"publisher\":{\"@id\":\"https:\/\/dentalabril.com\/#organization\"},\"alternateName\":\"Dental Abril\",\"potentialAction\":[{\"@type\":\"SearchAction\",\"target\":{\"@type\":\"EntryPoint\",\"urlTemplate\":\"https:\/\/dentalabril.com\/?s={search_term_string}\"},\"query-input\":\"required name=search_term_string\"}],\"inLanguage\":\"ca\"},{\"@type\":\"Organization\",\"@id\":\"https:\/\/dentalabril.com\/#organization\",\"name\":\"Cl\u00ednica Dental Abril\",\"alternateName\":\"Dental Abril\",\"url\":\"https:\/\/dentalabril.com\/\",\"logo\":{\"@type\":\"ImageObject\",\"inLanguage\":\"ca\",\"@id\":\"https:\/\/dentalabril.com\/#\/schema\/logo\/image\/\",\"url\":\"https:\/\/dentalabril.com\/wp-content\/uploads\/2023\/03\/BBceBSJt_400x400.jpg\",\"contentUrl\":\"https:\/\/dentalabril.com\/wp-content\/uploads\/2023\/03\/BBceBSJt_400x400.jpg\",\"width\":400,\"height\":400,\"caption\":\"Cl\u00ednica Dental Abril\"},\"image\":{\"@id\":\"https:\/\/dentalabril.com\/#\/schema\/logo\/image\/\"},\"sameAs\":[\"https:\/\/www.facebook.com\/clinicadentalabril\/\",\"https:\/\/www.instagram.com\/dentalabril\/\"]},{\"@type\":\"Person\",\"@id\":\"https:\/\/dentalabril.com\/#\/schema\/person\/ee1913365f94afb96f63b997cada040c\",\"name\":\"Cl\u00ednica Dental Abril\",\"image\":{\"@type\":\"ImageObject\",\"inLanguage\":\"ca\",\"@id\":\"https:\/\/dentalabril.com\/#\/schema\/person\/image\/\",\"url\":\"https:\/\/secure.gravatar.com\/avatar\/d2f687b6c686a7cf6497784acd058e7d?s=96&d=mm&r=g\",\"contentUrl\":\"https:\/\/secure.gravatar.com\/avatar\/d2f687b6c686a7cf6497784acd058e7d?s=96&d=mm&r=g\",\"caption\":\"Cl\u00ednica Dental Abril\"},\"url\":\"https:\/\/dentalabril.com\/ca\/author\/clinicadentalabril\/\"}]}<\/script>\n<!-- \/ Yoast SEO plugin. -->","yoast_head_json":{"title":"Soluciones para acabar con las caries | Cl\u00ednica dental Abril","robots":{"index":"index","follow":"follow","max-snippet":"max-snippet:-1","max-image-preview":"max-image-preview:large","max-video-preview":"max-video-preview:-1"},"canonical":"https:\/\/dentalabril.com\/soluciones-caries-dentales\/","og_locale":"ca_ES","og_type":"article","og_title":"Soluciones para acabar con las caries | Cl\u00ednica dental Abril","og_description":"Hoy en d\u00eda con la cantidad de alimentos que hay en el mercado con az\u00facares refinados es muy f\u00e1cil padecer caries en los dientes. Sobretodo en los dientes molares o muelas del juicio, que son los dientes que m\u00e1s cuestan de cepillar correctamente. &nbsp; En el post de hoy os informaremos de la soluci\u00f3n para [&hellip;]","og_url":"https:\/\/dentalabril.com\/soluciones-caries-dentales\/","og_site_name":"Cl\u00ednica dental Abril","article_publisher":"https:\/\/www.facebook.com\/clinicadentalabril\/","article_published_time":"2022-04-10T11:25:01+00:00","article_modified_time":"2024-01-18T16:01:43+00:00","og_image":[{"width":1024,"height":404,"url":"https:\/\/dentalabril.com\/wp-content\/uploads\/2019\/01\/Como-saber-si-tengo-caries.png","type":"image\/png"}],"author":"Cl\u00ednica Dental Abril","twitter_card":"summary_large_image","twitter_misc":{"Escrit per":"Cl\u00ednica Dental Abril","Temps estimat de lectura":"2 minuts"},"schema":{"@context":"https:\/\/schema.org","@graph":[{"@type":"Article","@id":"https:\/\/dentalabril.com\/soluciones-caries-dentales\/#article","isPartOf":{"@id":"https:\/\/dentalabril.com\/soluciones-caries-dentales\/"},"author":{"name":"Cl\u00ednica Dental Abril","@id":"https:\/\/dentalabril.com\/#\/schema\/person\/ee1913365f94afb96f63b997cada040c"},"headline":"Soluciones para acabar con las caries","datePublished":"2022-04-10T11:25:01+00:00","dateModified":"2024-01-18T16:01:43+00:00","mainEntityOfPage":{"@id":"https:\/\/dentalabril.com\/soluciones-caries-dentales\/"},"wordCount":326,"publisher":{"@id":"https:\/\/dentalabril.com\/#organization"},"image":{"@id":"https:\/\/dentalabril.com\/soluciones-caries-dentales\/#primaryimage"},"thumbnailUrl":"https:\/\/dentalabril.com\/wp-content\/uploads\/2019\/01\/Como-saber-si-tengo-caries.png","articleSection":["blog-tratamientos"],"inLanguage":"ca"},{"@type":"WebPage","@id":"https:\/\/dentalabril.com\/soluciones-caries-dentales\/","url":"https:\/\/dentalabril.com\/soluciones-caries-dentales\/","name":"Soluciones para acabar con las caries | Cl\u00ednica dental Abril","isPartOf":{"@id":"https:\/\/dentalabril.com\/#website"},"primaryImageOfPage":{"@id":"https:\/\/dentalabril.com\/soluciones-caries-dentales\/#primaryimage"},"image":{"@id":"https:\/\/dentalabril.com\/soluciones-caries-dentales\/#primaryimage"},"thumbnailUrl":"https:\/\/dentalabril.com\/wp-content\/uploads\/2019\/01\/Como-saber-si-tengo-caries.png","datePublished":"2022-04-10T11:25:01+00:00","dateModified":"2024-01-18T16:01:43+00:00","breadcrumb":{"@id":"https:\/\/dentalabril.com\/soluciones-caries-dentales\/#breadcrumb"},"inLanguage":"ca","potentialAction":[{"@type":"ReadAction","target":["https:\/\/dentalabril.com\/soluciones-caries-dentales\/"]}]},{"@type":"ImageObject","inLanguage":"ca","@id":"https:\/\/dentalabril.com\/soluciones-caries-dentales\/#primaryimage","url":"https:\/\/dentalabril.com\/wp-content\/uploads\/2019\/01\/Como-saber-si-tengo-caries.png","contentUrl":"https:\/\/dentalabril.com\/wp-content\/uploads\/2019\/01\/Como-saber-si-tengo-caries.png","width":1024,"height":404,"caption":"Caries dental"},{"@type":"BreadcrumbList","@id":"https:\/\/dentalabril.com\/soluciones-caries-dentales\/#breadcrumb","itemListElement":[{"@type":"ListItem","position":1,"name":"Portada","item":"https:\/\/dentalabril.com\/ca\/clinica-dental-abril-a-barcelona\/"},{"@type":"ListItem","position":2,"name":"Soluciones para acabar con las caries"}]},{"@type":"WebSite","@id":"https:\/\/dentalabril.com\/#website","url":"https:\/\/dentalabril.com\/","name":"Cl\u00ednica Dental Abril","description":"Tu cl\u00ednica dental en Barcelona","publisher":{"@id":"https:\/\/dentalabril.com\/#organization"},"alternateName":"Dental Abril","potentialAction":[{"@type":"SearchAction","target":{"@type":"EntryPoint","urlTemplate":"https:\/\/dentalabril.com\/?s={search_term_string}"},"query-input":"required name=search_term_string"}],"inLanguage":"ca"},{"@type":"Organization","@id":"https:\/\/dentalabril.com\/#organization","name":"Cl\u00ednica Dental Abril","alternateName":"Dental Abril","url":"https:\/\/dentalabril.com\/","logo":{"@type":"ImageObject","inLanguage":"ca","@id":"https:\/\/dentalabril.com\/#\/schema\/logo\/image\/","url":"https:\/\/dentalabril.com\/wp-content\/uploads\/2023\/03\/BBceBSJt_400x400.jpg","contentUrl":"https:\/\/dentalabril.com\/wp-content\/uploads\/2023\/03\/BBceBSJt_400x400.jpg","width":400,"height":400,"caption":"Cl\u00ednica Dental Abril"},"image":{"@id":"https:\/\/dentalabril.com\/#\/schema\/logo\/image\/"},"sameAs":["https:\/\/www.facebook.com\/clinicadentalabril\/","https:\/\/www.instagram.com\/dentalabril\/"]},{"@type":"Person","@id":"https:\/\/dentalabril.com\/#\/schema\/person\/ee1913365f94afb96f63b997cada040c","name":"Cl\u00ednica Dental Abril","image":{"@type":"ImageObject","inLanguage":"ca","@id":"https:\/\/dentalabril.com\/#\/schema\/person\/image\/","url":"https:\/\/secure.gravatar.com\/avatar\/d2f687b6c686a7cf6497784acd058e7d?s=96&d=mm&r=g","contentUrl":"https:\/\/secure.gravatar.com\/avatar\/d2f687b6c686a7cf6497784acd058e7d?s=96&d=mm&r=g","caption":"Cl\u00ednica Dental Abril"},"url":"https:\/\/dentalabril.com\/ca\/author\/clinicadentalabril\/"}]}},"_links":{"self":[{"href":"https:\/\/dentalabril.com\/ca\/wp-json\/wp\/v2\/posts\/1251"}],"collection":[{"href":"https:\/\/dentalabril.com\/ca\/wp-json\/wp\/v2\/posts"}],"about":[{"href":"https:\/\/dentalabril.com\/ca\/wp-json\/wp\/v2\/types\/post"}],"author":[{"embeddable":true,"href":"https:\/\/dentalabril.com\/ca\/wp-json\/wp\/v2\/users\/4"}],"replies":[{"embeddable":true,"href":"https:\/\/dentalabril.com\/ca\/wp-json\/wp\/v2\/comments?post=1251"}],"version-history":[{"count":1,"href":"https:\/\/dentalabril.com\/ca\/wp-json\/wp\/v2\/posts\/1251\/revisions"}],"predecessor-version":[{"id":10552,"href":"https:\/\/dentalabril.com\/ca\/wp-json\/wp\/v2\/posts\/1251\/revisions\/10552"}],"wp:featuredmedia":[{"embeddable":true,"href":"https:\/\/dentalabril.com\/ca\/wp-json\/wp\/v2\/media\/1254"}],"wp:attachment":[{"href":"https:\/\/dentalabril.com\/ca\/wp-json\/wp\/v2\/media?parent=1251"}],"wp:term":[{"taxonomy":"category","embeddable":true,"href":"https:\/\/dentalabril.com\/ca\/wp-json\/wp\/v2\/categories?post=1251"},{"taxonomy":"post_tag","embeddable":true,"href":"https:\/\/dentalabril.com\/ca\/wp-json\/wp\/v2\/tags?post=1251"}],"curies":[{"name":"wp","href":"https:\/\/api.w.org\/{rel}","templated":true}]}}