{"id":1057,"date":"2020-11-26T15:51:19","date_gmt":"2020-11-26T15:51:19","guid":{"rendered":"http:\/\/dentalabril.com\/?p=1057"},"modified":"2022-07-21T08:40:00","modified_gmt":"2022-07-21T08:40:00","slug":"como-combatir-el-mal-aliento","status":"publish","type":"post","link":"https:\/\/dentalabril.com\/ca\/como-combatir-el-mal-aliento\/","title":{"rendered":"C\u00f3mo combatir el mal aliento"},"content":{"rendered":"<p>El mal aliento o halitosis consiste en el conjunto de olores desagradables que proceden del interior de la boca. Conocer las causas que lo provocan es clave para combatirlo y conseguir un aliento m\u00e1s fresco. \u00bfC\u00f3mo acabar con el molesto mal aliento?<!--more--><\/p>\n<p>En muchos casos el mal aliento se produce de forma puntual. Pero en otros puede ser algo continuado y desagradable, aunque resulte imperceptible por quien lo padece. Pero, \u00bfCu\u00e1les son las causas del mal aliento? Una de las principales es la alimentaci\u00f3n. La descomposici\u00f3n de los alimentos que comemos a diario puede generar mal aliento. conveniente evitar alimentos como la cebolla o el ajo, que generan un mal aliento moment\u00e1neo en el paciente.<\/p>\n<p>En otros casos la halitosis se debe a una higiene oral insuficiente. Los restos de comida y bacterias<strong> se acumulan entre los dientes<\/strong>, las enc\u00edas y sobre la lengua, provocando un aliento desagradable. En este sentido el tabaco tambi\u00e9n favorece la halitosis de forma m\u00e1s permanente. Los pacientes fumadores son m\u00e1s propensos a desarrollar complicaciones como las enfermedades periodontales y halitosis. La ingesta de algunos medicamentos y la xerostom\u00eda o sequedad bucal tambi\u00e9n favorecen el mal aliento de forma puntual.<\/p>\n<h2>\u00bfC\u00f3mo combatir el mal aliento?<\/h2>\n<p>Existen diversas pautas para combatir el mal aliento:<\/p>\n<h4>Rutina de higiene oral diaria<\/h4>\n<p>La base de una buena rutina de higiene es el cepillado dental. Pero muchas veces los filamentos del cepillo no consiguen llegar a esos espacios en los que se acumulan las bacterias que generan mal aliento. Por ello es recomendable complementar el cepillado con t\u00e9cnicas de higiene interproximal, como el enjuague bucal.<\/p>\n<h4>No olvides limpiar la lengua<\/h4>\n<p>Aunque su aspecto sea saludable, <strong>en la superficie lingual se almacenan diferentes tipos de bacterias<\/strong> relacionadas con la halitosis. Para limpiar la superficie de la lengua con profundidad es aconsejable el uso de un limpiador lingual espec\u00edfico. Tambi\u00e9n pueden generar halitosis las enfermedades como los c\u00e1nceres y los des\u00f3rdenes metab\u00f3licos pueden comportar mal aliento provocado por los qu\u00edmicos que producen. El reflujo constante de \u00e1cidos estomacales tambi\u00e9n est\u00e1 relacionado con la halitosis.<\/p>\n<h4>Estilo de vida sano<\/h4>\n<p>Mantener una alimentaci\u00f3n equilibrada es esencial ara una boca sana y un aliento fresco. <strong>Masticar chicle sin az\u00facar<\/strong> despu\u00e9s de las comidas tambi\u00e9n ayuda a mantener un buen aliento durante m\u00e1s tiempo, aunque nunca debe sustituir el cepillado dental.<\/p>\n<h4>Acudir a tu dentista de confianza<\/h4>\n<p>Algunos restos de bacterias quedan incrustados en la cavidad oral y favorecen el desarrollo de mal aliento. <strong>Una limpieza dental profesional<\/strong> ayudar\u00e1 a conseguir una boca m\u00e1s sana y un aliento m\u00e1s fresco.<\/p>\n","protected":false},"excerpt":{"rendered":"<p>El mal aliento o halitosis consiste en el conjunto de olores desagradables que proceden del interior de la boca. Conocer las causas que lo provocan es clave para combatirlo y conseguir un aliento m\u00e1s fresco. \u00bfC\u00f3mo acabar con el molesto mal aliento?<\/p>\n","protected":false},"author":4,"featured_media":0,"comment_status":"open","ping_status":"closed","sticky":false,"template":"","format":"standard","meta":{"_joinchat":[],"footnotes":"","_wpscppro_custom_social_share_image":0,"_facebook_share_type":"","_twitter_share_type":"","_linkedin_share_type":"","_pinterest_share_type":"","_linkedin_share_type_page":"","_instagram_share_type":"","_medium_share_type":"","_selected_social_profile":[]},"categories":[1],"tags":[],"class_list":{"0":"post-1057","1":"post","2":"type-post","3":"status-publish","4":"format-standard","6":"category-sin-categoria"},"yoast_head":"<!-- This site is optimized with the Yoast SEO plugin v23.1 - https:\/\/yoast.com\/wordpress\/plugins\/seo\/ -->\n<title>C\u00f3mo combatir el mal aliento | Cl\u00ednica dental Abril<\/title>\n<meta name=\"robots\" content=\"index, follow, max-snippet:-1, max-image-preview:large, max-video-preview:-1\" \/>\n<link rel=\"canonical\" href=\"https:\/\/dentalabril.com\/como-combatir-el-mal-aliento\/\" \/>\n<meta property=\"og:locale\" content=\"ca_ES\" \/>\n<meta property=\"og:type\" content=\"article\" \/>\n<meta property=\"og:title\" content=\"C\u00f3mo combatir el mal aliento | Cl\u00ednica dental Abril\" \/>\n<meta property=\"og:description\" content=\"El mal aliento o halitosis consiste en el conjunto de olores desagradables que proceden del interior de la boca. Conocer las causas que lo provocan es clave para combatirlo y conseguir un aliento m\u00e1s fresco. \u00bfC\u00f3mo acabar con el molesto mal aliento?\" \/>\n<meta property=\"og:url\" content=\"https:\/\/dentalabril.com\/como-combatir-el-mal-aliento\/\" \/>\n<meta property=\"og:site_name\" content=\"Cl\u00ednica dental Abril\" \/>\n<meta property=\"article:publisher\" content=\"https:\/\/www.facebook.com\/clinicadentalabril\/\" \/>\n<meta property=\"article:published_time\" content=\"2020-11-26T15:51:19+00:00\" \/>\n<meta property=\"article:modified_time\" content=\"2022-07-21T08:40:00+00:00\" \/>\n<meta property=\"og:image\" content=\"https:\/\/dentalabril.com\/wp-content\/uploads\/2022\/09\/equipo-clinica-dental-Barcelona-1.png\" \/>\n\t<meta property=\"og:image:width\" content=\"950\" \/>\n\t<meta property=\"og:image:height\" content=\"704\" \/>\n\t<meta property=\"og:image:type\" content=\"image\/png\" \/>\n<meta name=\"author\" content=\"Cl\u00ednica Dental Abril\" \/>\n<meta name=\"twitter:card\" content=\"summary_large_image\" \/>\n<meta name=\"twitter:label1\" content=\"Escrit per\" \/>\n\t<meta name=\"twitter:data1\" content=\"Cl\u00ednica Dental Abril\" \/>\n\t<meta name=\"twitter:label2\" content=\"Temps estimat de lectura\" \/>\n\t<meta name=\"twitter:data2\" content=\"2 minuts\" \/>\n<script type=\"application\/ld+json\" class=\"yoast-schema-graph\">{\"@context\":\"https:\/\/schema.org\",\"@graph\":[{\"@type\":\"Article\",\"@id\":\"https:\/\/dentalabril.com\/como-combatir-el-mal-aliento\/#article\",\"isPartOf\":{\"@id\":\"https:\/\/dentalabril.com\/como-combatir-el-mal-aliento\/\"},\"author\":{\"name\":\"Cl\u00ednica Dental Abril\",\"@id\":\"https:\/\/dentalabril.com\/#\/schema\/person\/ee1913365f94afb96f63b997cada040c\"},\"headline\":\"C\u00f3mo combatir el mal aliento\",\"datePublished\":\"2020-11-26T15:51:19+00:00\",\"dateModified\":\"2022-07-21T08:40:00+00:00\",\"mainEntityOfPage\":{\"@id\":\"https:\/\/dentalabril.com\/como-combatir-el-mal-aliento\/\"},\"wordCount\":458,\"commentCount\":0,\"publisher\":{\"@id\":\"https:\/\/dentalabril.com\/#organization\"},\"articleSection\":[\"blog-tratamientos\"],\"inLanguage\":\"ca\",\"potentialAction\":[{\"@type\":\"CommentAction\",\"name\":\"Comment\",\"target\":[\"https:\/\/dentalabril.com\/como-combatir-el-mal-aliento\/#respond\"]}]},{\"@type\":\"WebPage\",\"@id\":\"https:\/\/dentalabril.com\/como-combatir-el-mal-aliento\/\",\"url\":\"https:\/\/dentalabril.com\/como-combatir-el-mal-aliento\/\",\"name\":\"C\u00f3mo combatir el mal aliento | Cl\u00ednica dental Abril\",\"isPartOf\":{\"@id\":\"https:\/\/dentalabril.com\/#website\"},\"datePublished\":\"2020-11-26T15:51:19+00:00\",\"dateModified\":\"2022-07-21T08:40:00+00:00\",\"breadcrumb\":{\"@id\":\"https:\/\/dentalabril.com\/como-combatir-el-mal-aliento\/#breadcrumb\"},\"inLanguage\":\"ca\",\"potentialAction\":[{\"@type\":\"ReadAction\",\"target\":[\"https:\/\/dentalabril.com\/como-combatir-el-mal-aliento\/\"]}]},{\"@type\":\"BreadcrumbList\",\"@id\":\"https:\/\/dentalabril.com\/como-combatir-el-mal-aliento\/#breadcrumb\",\"itemListElement\":[{\"@type\":\"ListItem\",\"position\":1,\"name\":\"Portada\",\"item\":\"https:\/\/dentalabril.com\/ca\/clinica-dental-abril-a-barcelona\/\"},{\"@type\":\"ListItem\",\"position\":2,\"name\":\"C\u00f3mo combatir el mal aliento\"}]},{\"@type\":\"WebSite\",\"@id\":\"https:\/\/dentalabril.com\/#website\",\"url\":\"https:\/\/dentalabril.com\/\",\"name\":\"Cl\u00ednica Dental Abril\",\"description\":\"Tu cl\u00ednica dental en Barcelona\",\"publisher\":{\"@id\":\"https:\/\/dentalabril.com\/#organization\"},\"alternateName\":\"Dental Abril\",\"potentialAction\":[{\"@type\":\"SearchAction\",\"target\":{\"@type\":\"EntryPoint\",\"urlTemplate\":\"https:\/\/dentalabril.com\/?s={search_term_string}\"},\"query-input\":\"required name=search_term_string\"}],\"inLanguage\":\"ca\"},{\"@type\":\"Organization\",\"@id\":\"https:\/\/dentalabril.com\/#organization\",\"name\":\"Cl\u00ednica Dental Abril\",\"alternateName\":\"Dental Abril\",\"url\":\"https:\/\/dentalabril.com\/\",\"logo\":{\"@type\":\"ImageObject\",\"inLanguage\":\"ca\",\"@id\":\"https:\/\/dentalabril.com\/#\/schema\/logo\/image\/\",\"url\":\"https:\/\/dentalabril.com\/wp-content\/uploads\/2023\/03\/BBceBSJt_400x400.jpg\",\"contentUrl\":\"https:\/\/dentalabril.com\/wp-content\/uploads\/2023\/03\/BBceBSJt_400x400.jpg\",\"width\":400,\"height\":400,\"caption\":\"Cl\u00ednica Dental Abril\"},\"image\":{\"@id\":\"https:\/\/dentalabril.com\/#\/schema\/logo\/image\/\"},\"sameAs\":[\"https:\/\/www.facebook.com\/clinicadentalabril\/\",\"https:\/\/www.instagram.com\/dentalabril\/\"]},{\"@type\":\"Person\",\"@id\":\"https:\/\/dentalabril.com\/#\/schema\/person\/ee1913365f94afb96f63b997cada040c\",\"name\":\"Cl\u00ednica Dental Abril\",\"image\":{\"@type\":\"ImageObject\",\"inLanguage\":\"ca\",\"@id\":\"https:\/\/dentalabril.com\/#\/schema\/person\/image\/\",\"url\":\"https:\/\/secure.gravatar.com\/avatar\/d2f687b6c686a7cf6497784acd058e7d?s=96&d=mm&r=g\",\"contentUrl\":\"https:\/\/secure.gravatar.com\/avatar\/d2f687b6c686a7cf6497784acd058e7d?s=96&d=mm&r=g\",\"caption\":\"Cl\u00ednica Dental Abril\"},\"url\":\"https:\/\/dentalabril.com\/ca\/author\/clinicadentalabril\/\"}]}<\/script>\n<!-- \/ Yoast SEO plugin. -->","yoast_head_json":{"title":"C\u00f3mo combatir el mal aliento | Cl\u00ednica dental Abril","robots":{"index":"index","follow":"follow","max-snippet":"max-snippet:-1","max-image-preview":"max-image-preview:large","max-video-preview":"max-video-preview:-1"},"canonical":"https:\/\/dentalabril.com\/como-combatir-el-mal-aliento\/","og_locale":"ca_ES","og_type":"article","og_title":"C\u00f3mo combatir el mal aliento | Cl\u00ednica dental Abril","og_description":"El mal aliento o halitosis consiste en el conjunto de olores desagradables que proceden del interior de la boca. Conocer las causas que lo provocan es clave para combatirlo y conseguir un aliento m\u00e1s fresco. \u00bfC\u00f3mo acabar con el molesto mal aliento?","og_url":"https:\/\/dentalabril.com\/como-combatir-el-mal-aliento\/","og_site_name":"Cl\u00ednica dental Abril","article_publisher":"https:\/\/www.facebook.com\/clinicadentalabril\/","article_published_time":"2020-11-26T15:51:19+00:00","article_modified_time":"2022-07-21T08:40:00+00:00","og_image":[{"width":950,"height":704,"url":"https:\/\/dentalabril.com\/wp-content\/uploads\/2022\/09\/equipo-clinica-dental-Barcelona-1.png","type":"image\/png"}],"author":"Cl\u00ednica Dental Abril","twitter_card":"summary_large_image","twitter_misc":{"Escrit per":"Cl\u00ednica Dental Abril","Temps estimat de lectura":"2 minuts"},"schema":{"@context":"https:\/\/schema.org","@graph":[{"@type":"Article","@id":"https:\/\/dentalabril.com\/como-combatir-el-mal-aliento\/#article","isPartOf":{"@id":"https:\/\/dentalabril.com\/como-combatir-el-mal-aliento\/"},"author":{"name":"Cl\u00ednica Dental Abril","@id":"https:\/\/dentalabril.com\/#\/schema\/person\/ee1913365f94afb96f63b997cada040c"},"headline":"C\u00f3mo combatir el mal aliento","datePublished":"2020-11-26T15:51:19+00:00","dateModified":"2022-07-21T08:40:00+00:00","mainEntityOfPage":{"@id":"https:\/\/dentalabril.com\/como-combatir-el-mal-aliento\/"},"wordCount":458,"commentCount":0,"publisher":{"@id":"https:\/\/dentalabril.com\/#organization"},"articleSection":["blog-tratamientos"],"inLanguage":"ca","potentialAction":[{"@type":"CommentAction","name":"Comment","target":["https:\/\/dentalabril.com\/como-combatir-el-mal-aliento\/#respond"]}]},{"@type":"WebPage","@id":"https:\/\/dentalabril.com\/como-combatir-el-mal-aliento\/","url":"https:\/\/dentalabril.com\/como-combatir-el-mal-aliento\/","name":"C\u00f3mo combatir el mal aliento | Cl\u00ednica dental Abril","isPartOf":{"@id":"https:\/\/dentalabril.com\/#website"},"datePublished":"2020-11-26T15:51:19+00:00","dateModified":"2022-07-21T08:40:00+00:00","breadcrumb":{"@id":"https:\/\/dentalabril.com\/como-combatir-el-mal-aliento\/#breadcrumb"},"inLanguage":"ca","potentialAction":[{"@type":"ReadAction","target":["https:\/\/dentalabril.com\/como-combatir-el-mal-aliento\/"]}]},{"@type":"BreadcrumbList","@id":"https:\/\/dentalabril.com\/como-combatir-el-mal-aliento\/#breadcrumb","itemListElement":[{"@type":"ListItem","position":1,"name":"Portada","item":"https:\/\/dentalabril.com\/ca\/clinica-dental-abril-a-barcelona\/"},{"@type":"ListItem","position":2,"name":"C\u00f3mo combatir el mal aliento"}]},{"@type":"WebSite","@id":"https:\/\/dentalabril.com\/#website","url":"https:\/\/dentalabril.com\/","name":"Cl\u00ednica Dental Abril","description":"Tu cl\u00ednica dental en Barcelona","publisher":{"@id":"https:\/\/dentalabril.com\/#organization"},"alternateName":"Dental Abril","potentialAction":[{"@type":"SearchAction","target":{"@type":"EntryPoint","urlTemplate":"https:\/\/dentalabril.com\/?s={search_term_string}"},"query-input":"required name=search_term_string"}],"inLanguage":"ca"},{"@type":"Organization","@id":"https:\/\/dentalabril.com\/#organization","name":"Cl\u00ednica Dental Abril","alternateName":"Dental Abril","url":"https:\/\/dentalabril.com\/","logo":{"@type":"ImageObject","inLanguage":"ca","@id":"https:\/\/dentalabril.com\/#\/schema\/logo\/image\/","url":"https:\/\/dentalabril.com\/wp-content\/uploads\/2023\/03\/BBceBSJt_400x400.jpg","contentUrl":"https:\/\/dentalabril.com\/wp-content\/uploads\/2023\/03\/BBceBSJt_400x400.jpg","width":400,"height":400,"caption":"Cl\u00ednica Dental Abril"},"image":{"@id":"https:\/\/dentalabril.com\/#\/schema\/logo\/image\/"},"sameAs":["https:\/\/www.facebook.com\/clinicadentalabril\/","https:\/\/www.instagram.com\/dentalabril\/"]},{"@type":"Person","@id":"https:\/\/dentalabril.com\/#\/schema\/person\/ee1913365f94afb96f63b997cada040c","name":"Cl\u00ednica Dental Abril","image":{"@type":"ImageObject","inLanguage":"ca","@id":"https:\/\/dentalabril.com\/#\/schema\/person\/image\/","url":"https:\/\/secure.gravatar.com\/avatar\/d2f687b6c686a7cf6497784acd058e7d?s=96&d=mm&r=g","contentUrl":"https:\/\/secure.gravatar.com\/avatar\/d2f687b6c686a7cf6497784acd058e7d?s=96&d=mm&r=g","caption":"Cl\u00ednica Dental Abril"},"url":"https:\/\/dentalabril.com\/ca\/author\/clinicadentalabril\/"}]}},"_links":{"self":[{"href":"https:\/\/dentalabril.com\/ca\/wp-json\/wp\/v2\/posts\/1057"}],"collection":[{"href":"https:\/\/dentalabril.com\/ca\/wp-json\/wp\/v2\/posts"}],"about":[{"href":"https:\/\/dentalabril.com\/ca\/wp-json\/wp\/v2\/types\/post"}],"author":[{"embeddable":true,"href":"https:\/\/dentalabril.com\/ca\/wp-json\/wp\/v2\/users\/4"}],"replies":[{"embeddable":true,"href":"https:\/\/dentalabril.com\/ca\/wp-json\/wp\/v2\/comments?post=1057"}],"version-history":[{"count":0,"href":"https:\/\/dentalabril.com\/ca\/wp-json\/wp\/v2\/posts\/1057\/revisions"}],"wp:attachment":[{"href":"https:\/\/dentalabril.com\/ca\/wp-json\/wp\/v2\/media?parent=1057"}],"wp:term":[{"taxonomy":"category","embeddable":true,"href":"https:\/\/dentalabril.com\/ca\/wp-json\/wp\/v2\/categories?post=1057"},{"taxonomy":"post_tag","embeddable":true,"href":"https:\/\/dentalabril.com\/ca\/wp-json\/wp\/v2\/tags?post=1057"}],"curies":[{"name":"wp","href":"https:\/\/api.w.org\/{rel}","templated":true}]}}