{"id":10347,"date":"2023-04-12T16:38:07","date_gmt":"2023-04-12T14:38:07","guid":{"rendered":"https:\/\/dentalabril.com\/?p=10347"},"modified":"2023-04-12T16:42:13","modified_gmt":"2023-04-12T14:42:13","slug":"interrelacion-entre-periodoncia-y-ortodoncia","status":"publish","type":"post","link":"https:\/\/dentalabril.com\/ca\/interrelacion-entre-periodoncia-y-ortodoncia\/","title":{"rendered":"Interrelaci\u00f3n entre Periodoncia y Ortodoncia"},"content":{"rendered":"\r\n<h2>Periodoncia y Ortodoncia<\/h2>\r\n<p class=\"p1\"><span class=\"s1\">El <b>objetivo m\u00e1s importante del tratamiento periodontal<\/b> es conservar a largo plazo nuestros propios dientes, mantenerlos sanos en boca y evitar hacer extracciones.\u00a0<\/span><\/p>\r\n<p class=\"p1\"><span class=\"s1\">Una vez realizado el tratamiento de enc\u00edas, estando ya el paciente estable y en fases de mantenimiento periodontal,<b> la ortodoncia es una aliada fundamental, <\/b>ya que permite colocar los dientes en una posici\u00f3n adecuada, mejorando no s\u00f3lo la est\u00e9tica y la funci\u00f3n, sino tambi\u00e9n <b>facilitando la higiene dental<\/b> porque las zonas que antes eran dif\u00edciles de cepillar y acumulaban restos de alimento y placa microbiana, ahora se vuelven accesibles debido a la correcta posici\u00f3n, <b>con lo cual, las enc\u00edas<\/b> <b>ganan en salud.<\/b><\/span><\/p>\r\n<h2>Ortodoncia Invisible con alineadores<\/h2>\r\n<p class=\"p1\"><span class=\"s1\">La <b>ORTODONCIA INVISIBLE con alineadores<\/b> es una buena alternativa para el paciente con antecedentes de enfermedad periodontal o de enc\u00edas: aporta beneficios est\u00e9ticos y facilita la adecuada higiene bucal durante el tratamiento.<span class=\"Apple-converted-space\">\u00a0 <\/span>Adem\u00e1s es muy c\u00f3moda y pr\u00e1ctica de llevar para el paciente, y lo que es m\u00e1s sorprendente : el paciente puede ver en el ordenador su caso ya finalizado antes siquiera de haber comenzado su tratamiento, ya que el estudio se realiza por ordenador y es posible ense\u00f1\u00e1rselo observando el progreso en el movimiento de los dientes.<\/span><\/p>\r\n<p class=\"p1\"><span class=\"s1\"><b>Lo que s\u00ed es una realidad, es que en la actualidad empiezan a acabarse los \u201csistemas convencionales<\/b>\u201d<span class=\"Apple-converted-space\">\u00a0 <\/span>en los que, en cada visita , se ten\u00eda que apretar el aparato y cambiar la ligadura met\u00e1lica o el\u00e1stica generando muchas veces molestias por la fricci\u00f3n y la presi\u00f3n y l\u00f3gicamente el tratamiento era m\u00e1s lento e inc\u00f3modo.<\/span><\/p>\r\n<h2>Ortodoncia con sistema autoligable Damon<\/h2>\r\n<p class=\"p1\"><span class=\"s1\">Actualmente existen los Brackets de autoligado pasivo <b>ORTODONCIA SISTEMA DAMON<\/b>, con un gran confort para el paciente, y con resultados mucho m\u00e1s r\u00e1pidos.<span class=\"Apple-converted-space\">\u00a0 <\/span>El sistema Damon es muy respetuoso con los dientes y tejidos de alrededor, ya que ejercen fuerzas biol\u00f3gicamente m\u00e1s tolerables. Los Brackets Damon emplean un mecanismo en los que no son necesarias las ligaduras , y en los que una tapa pasiva hace que el arco se mantenga dentro del bracket, permiti\u00e9ndole moverse libremente para llevar los dientes a su posici\u00f3n ideal.<span class=\"Apple-converted-space\">\u00a0 <\/span><b>En muchos casos este sistema nos<\/b> <b>permitir\u00e1 elaborar un plan de tratamiento en el que no ser\u00e1 necesario realizar extracciones aunque el api\u00f1amiento de dientes sea severo.<\/b><\/span><\/p>\r\n<p class=\"p1\"><span class=\"s1\">El sistema Damon generar\u00e1 mayor movimiento con menor cantidad de fuerza aplicada, lo que nos permitir\u00e1 movernos dentro de una zona de Fuerza \u00f3ptima o \u201cbiozona\u201d como la denomina el Dr. Dwight Damon.<\/span><\/p>\r\n<h3 class=\"p1\"><span class=\"s1\">Los pilares del sistema Damon ser\u00e1n:<\/span><\/h3>\r\n<ul>\r\n<li class=\"p1\"><span class=\"s1\">Brackets de autoligado pasivo, reducidos de tama\u00f1o y con bordes redondeados, <\/span><\/li>\r\n<li class=\"p1\"><span class=\"s1\">alambres de alta tecnolog\u00eda con propiedades de alta elasticidad, y <\/span><\/li>\r\n<li class=\"p1\"><span class=\"s1\">protocolo simple de tratamiento con una secuencia de arcos establecida.<\/span><\/li>\r\n<\/ul>\r\n<p class=\"p1\"><span class=\"s1\">En resumen, <strong>los tratamientos ser\u00e1n m\u00e1s r\u00e1pidos y confortables<\/strong>, en la mayor\u00eda de los casos no ser\u00e1n necesarias las extracciones de piezas permanentes y respecto a aquellos pacientes tratados periodontalmente es muy favorable por el tipo de fuerzas suaves.<span class=\"Apple-converted-space\">\u00a0 <\/span>Todo ello para llegar a conseguir una mejor\u00eda espectacular de la Sonrisa y de la Est\u00e9tica Facial.<\/span><\/p>\r\n<p class=\"p1\"><strong><span class=\"s1\">Dr. Julio Gea Guiral<br \/><\/span><\/strong><span class=\"s1\">Colegiado M\u00e9dico N\u00ba 2944<br \/><\/span><span class=\"s1\">Ortodoncista en exclusiva de Cl\u00ednica Dental Abril<\/span><\/p>\r\n\r\n\r\n\r\n<p>Cada caso es distinto y lo m\u00e1s apropiado ser\u00e1 que uno de nuestros odont\u00f3logos revise tu dentadura. Recuerda que en <strong><a href=\"http:\/\/dentalabril.com\/contacta\/\" target=\"_blank\" rel=\"noreferrer noopener\" aria-label=\" Cl\u00ednica Dental Abril  (abre en una nueva pesta\u00f1a)\">Cl\u00ednica Dental Abril<\/a><\/strong> buscamos la salud y satisfacci\u00f3n del paciente. Pide una <strong><a href=\"http:\/\/dentalabril.com\/contacta\/\" target=\"_blank\" rel=\"noreferrer noopener\" aria-label=\" primera consulta  (abre en una nueva pesta\u00f1a)\">primera consulta<\/a><\/strong> con nosotros que ser\u00e1 <strong><a href=\"http:\/\/dentalabril.com\/contacta\/\" target=\"_blank\" rel=\"noreferrer noopener\" aria-label=\" primera consulta  (abre en una nueva pesta\u00f1a)\">gratis.<\/a><\/strong> Visita nuestra web y conoce m\u00e1s de nuestro equipo de profesionales de la salud<\/p>\r\n<p>dental.<\/p>\r\n","protected":false},"excerpt":{"rendered":"<p>Periodoncia y Ortodoncia El objetivo m\u00e1s importante del tratamiento periodontal es conservar a largo plazo nuestros propios dientes, mantenerlos sanos en boca y evitar hacer extracciones.\u00a0 Una vez realizado el tratamiento de enc\u00edas, estando ya el paciente estable y en fases de mantenimiento periodontal, la ortodoncia es una aliada fundamental, ya que permite colocar los [&hellip;]<\/p>\n","protected":false},"author":4,"featured_media":10348,"comment_status":"closed","ping_status":"closed","sticky":false,"template":"","format":"standard","meta":{"_joinchat":[],"footnotes":"","_wpscppro_custom_social_share_image":0,"_facebook_share_type":"","_twitter_share_type":"","_linkedin_share_type":"","_pinterest_share_type":"","_linkedin_share_type_page":"","_instagram_share_type":"","_medium_share_type":"","_selected_social_profile":[]},"categories":[1],"tags":[123,116],"class_list":{"0":"post-10347","1":"post","2":"type-post","3":"status-publish","4":"format-standard","5":"has-post-thumbnail","7":"category-sin-categoria","8":"tag-ortodoncia","9":"tag-periodoncia"},"yoast_head":"<!-- This site is optimized with the Yoast SEO plugin v23.1 - https:\/\/yoast.com\/wordpress\/plugins\/seo\/ -->\n<title>Interrelaci\u00f3n entre Periodoncia y Ortodoncia | Cl\u00ednica dental Abril<\/title>\n<meta name=\"description\" content=\"Descubre la interrelaci\u00f3n entre Periodoncia y Ortodoncia para conseguir la sonrisa perfecta, sana y funcional.\" \/>\n<meta name=\"robots\" content=\"index, follow, max-snippet:-1, max-image-preview:large, max-video-preview:-1\" \/>\n<link rel=\"canonical\" href=\"https:\/\/dentalabril.com\/interrelacion-entre-periodoncia-y-ortodoncia\/\" \/>\n<meta property=\"og:locale\" content=\"ca_ES\" \/>\n<meta property=\"og:type\" content=\"article\" \/>\n<meta property=\"og:title\" content=\"Interrelaci\u00f3n entre Periodoncia y Ortodoncia | Cl\u00ednica dental Abril\" \/>\n<meta property=\"og:description\" content=\"Descubre la interrelaci\u00f3n entre Periodoncia y Ortodoncia para conseguir la sonrisa perfecta, sana y funcional.\" \/>\n<meta property=\"og:url\" content=\"https:\/\/dentalabril.com\/interrelacion-entre-periodoncia-y-ortodoncia\/\" \/>\n<meta property=\"og:site_name\" content=\"Cl\u00ednica dental Abril\" \/>\n<meta property=\"article:publisher\" content=\"https:\/\/www.facebook.com\/clinicadentalabril\/\" \/>\n<meta property=\"article:published_time\" content=\"2023-04-12T14:38:07+00:00\" \/>\n<meta property=\"article:modified_time\" content=\"2023-04-12T14:42:13+00:00\" \/>\n<meta property=\"og:image\" content=\"https:\/\/dentalabril.com\/wp-content\/uploads\/2023\/04\/resized_resized_E51A8987.jpg\" \/>\n\t<meta property=\"og:image:width\" content=\"1680\" \/>\n\t<meta property=\"og:image:height\" content=\"1120\" \/>\n\t<meta property=\"og:image:type\" content=\"image\/jpeg\" \/>\n<meta name=\"author\" content=\"Cl\u00ednica Dental Abril\" \/>\n<meta name=\"twitter:card\" content=\"summary_large_image\" \/>\n<meta name=\"twitter:label1\" content=\"Escrit per\" \/>\n\t<meta name=\"twitter:data1\" content=\"Cl\u00ednica Dental Abril\" \/>\n\t<meta name=\"twitter:label2\" content=\"Temps estimat de lectura\" \/>\n\t<meta name=\"twitter:data2\" content=\"3 minuts\" \/>\n<script type=\"application\/ld+json\" class=\"yoast-schema-graph\">{\"@context\":\"https:\/\/schema.org\",\"@graph\":[{\"@type\":\"Article\",\"@id\":\"https:\/\/dentalabril.com\/interrelacion-entre-periodoncia-y-ortodoncia\/#article\",\"isPartOf\":{\"@id\":\"https:\/\/dentalabril.com\/interrelacion-entre-periodoncia-y-ortodoncia\/\"},\"author\":{\"name\":\"Cl\u00ednica Dental Abril\",\"@id\":\"https:\/\/dentalabril.com\/#\/schema\/person\/ee1913365f94afb96f63b997cada040c\"},\"headline\":\"Interrelaci\u00f3n entre Periodoncia y Ortodoncia\",\"datePublished\":\"2023-04-12T14:38:07+00:00\",\"dateModified\":\"2023-04-12T14:42:13+00:00\",\"mainEntityOfPage\":{\"@id\":\"https:\/\/dentalabril.com\/interrelacion-entre-periodoncia-y-ortodoncia\/\"},\"wordCount\":620,\"publisher\":{\"@id\":\"https:\/\/dentalabril.com\/#organization\"},\"image\":{\"@id\":\"https:\/\/dentalabril.com\/interrelacion-entre-periodoncia-y-ortodoncia\/#primaryimage\"},\"thumbnailUrl\":\"https:\/\/dentalabril.com\/wp-content\/uploads\/2023\/04\/resized_resized_E51A8987.jpg\",\"keywords\":[\"ortodoncia\",\"periodoncia\"],\"articleSection\":[\"blog-tratamientos\"],\"inLanguage\":\"ca\"},{\"@type\":\"WebPage\",\"@id\":\"https:\/\/dentalabril.com\/interrelacion-entre-periodoncia-y-ortodoncia\/\",\"url\":\"https:\/\/dentalabril.com\/interrelacion-entre-periodoncia-y-ortodoncia\/\",\"name\":\"Interrelaci\u00f3n entre Periodoncia y Ortodoncia | Cl\u00ednica dental Abril\",\"isPartOf\":{\"@id\":\"https:\/\/dentalabril.com\/#website\"},\"primaryImageOfPage\":{\"@id\":\"https:\/\/dentalabril.com\/interrelacion-entre-periodoncia-y-ortodoncia\/#primaryimage\"},\"image\":{\"@id\":\"https:\/\/dentalabril.com\/interrelacion-entre-periodoncia-y-ortodoncia\/#primaryimage\"},\"thumbnailUrl\":\"https:\/\/dentalabril.com\/wp-content\/uploads\/2023\/04\/resized_resized_E51A8987.jpg\",\"datePublished\":\"2023-04-12T14:38:07+00:00\",\"dateModified\":\"2023-04-12T14:42:13+00:00\",\"description\":\"Descubre la interrelaci\u00f3n entre Periodoncia y Ortodoncia para conseguir la sonrisa perfecta, sana y funcional.\",\"breadcrumb\":{\"@id\":\"https:\/\/dentalabril.com\/interrelacion-entre-periodoncia-y-ortodoncia\/#breadcrumb\"},\"inLanguage\":\"ca\",\"potentialAction\":[{\"@type\":\"ReadAction\",\"target\":[\"https:\/\/dentalabril.com\/interrelacion-entre-periodoncia-y-ortodoncia\/\"]}]},{\"@type\":\"ImageObject\",\"inLanguage\":\"ca\",\"@id\":\"https:\/\/dentalabril.com\/interrelacion-entre-periodoncia-y-ortodoncia\/#primaryimage\",\"url\":\"https:\/\/dentalabril.com\/wp-content\/uploads\/2023\/04\/resized_resized_E51A8987.jpg\",\"contentUrl\":\"https:\/\/dentalabril.com\/wp-content\/uploads\/2023\/04\/resized_resized_E51A8987.jpg\",\"width\":1680,\"height\":1120,\"caption\":\"periodoncia y ortodoncia en Barcelona - Cl\u00ednica Dental Abril\"},{\"@type\":\"BreadcrumbList\",\"@id\":\"https:\/\/dentalabril.com\/interrelacion-entre-periodoncia-y-ortodoncia\/#breadcrumb\",\"itemListElement\":[{\"@type\":\"ListItem\",\"position\":1,\"name\":\"Portada\",\"item\":\"https:\/\/dentalabril.com\/ca\/clinica-dental-abril-a-barcelona\/\"},{\"@type\":\"ListItem\",\"position\":2,\"name\":\"Interrelaci\u00f3n entre Periodoncia y Ortodoncia\"}]},{\"@type\":\"WebSite\",\"@id\":\"https:\/\/dentalabril.com\/#website\",\"url\":\"https:\/\/dentalabril.com\/\",\"name\":\"Cl\u00ednica Dental Abril\",\"description\":\"Tu cl\u00ednica dental en Barcelona\",\"publisher\":{\"@id\":\"https:\/\/dentalabril.com\/#organization\"},\"alternateName\":\"Dental Abril\",\"potentialAction\":[{\"@type\":\"SearchAction\",\"target\":{\"@type\":\"EntryPoint\",\"urlTemplate\":\"https:\/\/dentalabril.com\/?s={search_term_string}\"},\"query-input\":\"required name=search_term_string\"}],\"inLanguage\":\"ca\"},{\"@type\":\"Organization\",\"@id\":\"https:\/\/dentalabril.com\/#organization\",\"name\":\"Cl\u00ednica Dental Abril\",\"alternateName\":\"Dental Abril\",\"url\":\"https:\/\/dentalabril.com\/\",\"logo\":{\"@type\":\"ImageObject\",\"inLanguage\":\"ca\",\"@id\":\"https:\/\/dentalabril.com\/#\/schema\/logo\/image\/\",\"url\":\"https:\/\/dentalabril.com\/wp-content\/uploads\/2023\/03\/BBceBSJt_400x400.jpg\",\"contentUrl\":\"https:\/\/dentalabril.com\/wp-content\/uploads\/2023\/03\/BBceBSJt_400x400.jpg\",\"width\":400,\"height\":400,\"caption\":\"Cl\u00ednica Dental Abril\"},\"image\":{\"@id\":\"https:\/\/dentalabril.com\/#\/schema\/logo\/image\/\"},\"sameAs\":[\"https:\/\/www.facebook.com\/clinicadentalabril\/\",\"https:\/\/www.instagram.com\/dentalabril\/\"]},{\"@type\":\"Person\",\"@id\":\"https:\/\/dentalabril.com\/#\/schema\/person\/ee1913365f94afb96f63b997cada040c\",\"name\":\"Cl\u00ednica Dental Abril\",\"image\":{\"@type\":\"ImageObject\",\"inLanguage\":\"ca\",\"@id\":\"https:\/\/dentalabril.com\/#\/schema\/person\/image\/\",\"url\":\"https:\/\/secure.gravatar.com\/avatar\/d2f687b6c686a7cf6497784acd058e7d?s=96&d=mm&r=g\",\"contentUrl\":\"https:\/\/secure.gravatar.com\/avatar\/d2f687b6c686a7cf6497784acd058e7d?s=96&d=mm&r=g\",\"caption\":\"Cl\u00ednica Dental Abril\"},\"url\":\"https:\/\/dentalabril.com\/ca\/author\/clinicadentalabril\/\"}]}<\/script>\n<!-- \/ Yoast SEO plugin. -->","yoast_head_json":{"title":"Interrelaci\u00f3n entre Periodoncia y Ortodoncia | Cl\u00ednica dental Abril","description":"Descubre la interrelaci\u00f3n entre Periodoncia y Ortodoncia para conseguir la sonrisa perfecta, sana y funcional.","robots":{"index":"index","follow":"follow","max-snippet":"max-snippet:-1","max-image-preview":"max-image-preview:large","max-video-preview":"max-video-preview:-1"},"canonical":"https:\/\/dentalabril.com\/interrelacion-entre-periodoncia-y-ortodoncia\/","og_locale":"ca_ES","og_type":"article","og_title":"Interrelaci\u00f3n entre Periodoncia y Ortodoncia | Cl\u00ednica dental Abril","og_description":"Descubre la interrelaci\u00f3n entre Periodoncia y Ortodoncia para conseguir la sonrisa perfecta, sana y funcional.","og_url":"https:\/\/dentalabril.com\/interrelacion-entre-periodoncia-y-ortodoncia\/","og_site_name":"Cl\u00ednica dental Abril","article_publisher":"https:\/\/www.facebook.com\/clinicadentalabril\/","article_published_time":"2023-04-12T14:38:07+00:00","article_modified_time":"2023-04-12T14:42:13+00:00","og_image":[{"width":1680,"height":1120,"url":"https:\/\/dentalabril.com\/wp-content\/uploads\/2023\/04\/resized_resized_E51A8987.jpg","type":"image\/jpeg"}],"author":"Cl\u00ednica Dental Abril","twitter_card":"summary_large_image","twitter_misc":{"Escrit per":"Cl\u00ednica Dental Abril","Temps estimat de lectura":"3 minuts"},"schema":{"@context":"https:\/\/schema.org","@graph":[{"@type":"Article","@id":"https:\/\/dentalabril.com\/interrelacion-entre-periodoncia-y-ortodoncia\/#article","isPartOf":{"@id":"https:\/\/dentalabril.com\/interrelacion-entre-periodoncia-y-ortodoncia\/"},"author":{"name":"Cl\u00ednica Dental Abril","@id":"https:\/\/dentalabril.com\/#\/schema\/person\/ee1913365f94afb96f63b997cada040c"},"headline":"Interrelaci\u00f3n entre Periodoncia y Ortodoncia","datePublished":"2023-04-12T14:38:07+00:00","dateModified":"2023-04-12T14:42:13+00:00","mainEntityOfPage":{"@id":"https:\/\/dentalabril.com\/interrelacion-entre-periodoncia-y-ortodoncia\/"},"wordCount":620,"publisher":{"@id":"https:\/\/dentalabril.com\/#organization"},"image":{"@id":"https:\/\/dentalabril.com\/interrelacion-entre-periodoncia-y-ortodoncia\/#primaryimage"},"thumbnailUrl":"https:\/\/dentalabril.com\/wp-content\/uploads\/2023\/04\/resized_resized_E51A8987.jpg","keywords":["ortodoncia","periodoncia"],"articleSection":["blog-tratamientos"],"inLanguage":"ca"},{"@type":"WebPage","@id":"https:\/\/dentalabril.com\/interrelacion-entre-periodoncia-y-ortodoncia\/","url":"https:\/\/dentalabril.com\/interrelacion-entre-periodoncia-y-ortodoncia\/","name":"Interrelaci\u00f3n entre Periodoncia y Ortodoncia | Cl\u00ednica dental Abril","isPartOf":{"@id":"https:\/\/dentalabril.com\/#website"},"primaryImageOfPage":{"@id":"https:\/\/dentalabril.com\/interrelacion-entre-periodoncia-y-ortodoncia\/#primaryimage"},"image":{"@id":"https:\/\/dentalabril.com\/interrelacion-entre-periodoncia-y-ortodoncia\/#primaryimage"},"thumbnailUrl":"https:\/\/dentalabril.com\/wp-content\/uploads\/2023\/04\/resized_resized_E51A8987.jpg","datePublished":"2023-04-12T14:38:07+00:00","dateModified":"2023-04-12T14:42:13+00:00","description":"Descubre la interrelaci\u00f3n entre Periodoncia y Ortodoncia para conseguir la sonrisa perfecta, sana y funcional.","breadcrumb":{"@id":"https:\/\/dentalabril.com\/interrelacion-entre-periodoncia-y-ortodoncia\/#breadcrumb"},"inLanguage":"ca","potentialAction":[{"@type":"ReadAction","target":["https:\/\/dentalabril.com\/interrelacion-entre-periodoncia-y-ortodoncia\/"]}]},{"@type":"ImageObject","inLanguage":"ca","@id":"https:\/\/dentalabril.com\/interrelacion-entre-periodoncia-y-ortodoncia\/#primaryimage","url":"https:\/\/dentalabril.com\/wp-content\/uploads\/2023\/04\/resized_resized_E51A8987.jpg","contentUrl":"https:\/\/dentalabril.com\/wp-content\/uploads\/2023\/04\/resized_resized_E51A8987.jpg","width":1680,"height":1120,"caption":"periodoncia y ortodoncia en Barcelona - Cl\u00ednica Dental Abril"},{"@type":"BreadcrumbList","@id":"https:\/\/dentalabril.com\/interrelacion-entre-periodoncia-y-ortodoncia\/#breadcrumb","itemListElement":[{"@type":"ListItem","position":1,"name":"Portada","item":"https:\/\/dentalabril.com\/ca\/clinica-dental-abril-a-barcelona\/"},{"@type":"ListItem","position":2,"name":"Interrelaci\u00f3n entre Periodoncia y Ortodoncia"}]},{"@type":"WebSite","@id":"https:\/\/dentalabril.com\/#website","url":"https:\/\/dentalabril.com\/","name":"Cl\u00ednica Dental Abril","description":"Tu cl\u00ednica dental en Barcelona","publisher":{"@id":"https:\/\/dentalabril.com\/#organization"},"alternateName":"Dental Abril","potentialAction":[{"@type":"SearchAction","target":{"@type":"EntryPoint","urlTemplate":"https:\/\/dentalabril.com\/?s={search_term_string}"},"query-input":"required name=search_term_string"}],"inLanguage":"ca"},{"@type":"Organization","@id":"https:\/\/dentalabril.com\/#organization","name":"Cl\u00ednica Dental Abril","alternateName":"Dental Abril","url":"https:\/\/dentalabril.com\/","logo":{"@type":"ImageObject","inLanguage":"ca","@id":"https:\/\/dentalabril.com\/#\/schema\/logo\/image\/","url":"https:\/\/dentalabril.com\/wp-content\/uploads\/2023\/03\/BBceBSJt_400x400.jpg","contentUrl":"https:\/\/dentalabril.com\/wp-content\/uploads\/2023\/03\/BBceBSJt_400x400.jpg","width":400,"height":400,"caption":"Cl\u00ednica Dental Abril"},"image":{"@id":"https:\/\/dentalabril.com\/#\/schema\/logo\/image\/"},"sameAs":["https:\/\/www.facebook.com\/clinicadentalabril\/","https:\/\/www.instagram.com\/dentalabril\/"]},{"@type":"Person","@id":"https:\/\/dentalabril.com\/#\/schema\/person\/ee1913365f94afb96f63b997cada040c","name":"Cl\u00ednica Dental Abril","image":{"@type":"ImageObject","inLanguage":"ca","@id":"https:\/\/dentalabril.com\/#\/schema\/person\/image\/","url":"https:\/\/secure.gravatar.com\/avatar\/d2f687b6c686a7cf6497784acd058e7d?s=96&d=mm&r=g","contentUrl":"https:\/\/secure.gravatar.com\/avatar\/d2f687b6c686a7cf6497784acd058e7d?s=96&d=mm&r=g","caption":"Cl\u00ednica Dental Abril"},"url":"https:\/\/dentalabril.com\/ca\/author\/clinicadentalabril\/"}]}},"_links":{"self":[{"href":"https:\/\/dentalabril.com\/ca\/wp-json\/wp\/v2\/posts\/10347"}],"collection":[{"href":"https:\/\/dentalabril.com\/ca\/wp-json\/wp\/v2\/posts"}],"about":[{"href":"https:\/\/dentalabril.com\/ca\/wp-json\/wp\/v2\/types\/post"}],"author":[{"embeddable":true,"href":"https:\/\/dentalabril.com\/ca\/wp-json\/wp\/v2\/users\/4"}],"replies":[{"embeddable":true,"href":"https:\/\/dentalabril.com\/ca\/wp-json\/wp\/v2\/comments?post=10347"}],"version-history":[{"count":0,"href":"https:\/\/dentalabril.com\/ca\/wp-json\/wp\/v2\/posts\/10347\/revisions"}],"wp:featuredmedia":[{"embeddable":true,"href":"https:\/\/dentalabril.com\/ca\/wp-json\/wp\/v2\/media\/10348"}],"wp:attachment":[{"href":"https:\/\/dentalabril.com\/ca\/wp-json\/wp\/v2\/media?parent=10347"}],"wp:term":[{"taxonomy":"category","embeddable":true,"href":"https:\/\/dentalabril.com\/ca\/wp-json\/wp\/v2\/categories?post=10347"},{"taxonomy":"post_tag","embeddable":true,"href":"https:\/\/dentalabril.com\/ca\/wp-json\/wp\/v2\/tags?post=10347"}],"curies":[{"name":"wp","href":"https:\/\/api.w.org\/{rel}","templated":true}]}}